{"id":16111,"date":"2025-04-11T06:00:21","date_gmt":"2025-04-11T06:00:21","guid":{"rendered":"https:\/\/www.fabrezgroup.com\/home\/?p=16111"},"modified":"2025-07-07T10:19:25","modified_gmt":"2025-07-07T10:19:25","slug":"benidorm-renueva-el-maritimo-con-la-innovadora-papelera-eterna","status":"publish","type":"post","link":"https:\/\/www.fabrezgroup.com\/home\/grupo-fabrez\/benidorm-renueva-el-maritimo-con-la-innovadora-papelera-eterna\/","title":{"rendered":"Benidorm renueva el paseo mar\u00edtimo con la Papelera Eterna"},"content":{"rendered":"\t\t<div data-elementor-type=\"wp-post\" data-elementor-id=\"16111\" class=\"elementor elementor-16111\" data-elementor-post-type=\"post\">\n\t\t\t\t\t\t<section class=\"elementor-section elementor-top-section elementor-element elementor-element-a7470a8 elementor-section-full_width elementor-section-height-min-height elementor-section-items-bottom elementor-section-stretched elementor-section-height-default\" data-id=\"a7470a8\" data-element_type=\"section\" data-e-type=\"section\" data-settings=\"{&quot;stretch_section&quot;:&quot;section-stretched&quot;,&quot;shape_divider_bottom&quot;:&quot;curve&quot;,&quot;shape_divider_bottom_negative&quot;:&quot;yes&quot;}\">\n\t\t\t\t\t\t\t<div class=\"elementor-background-overlay\"><\/div>\n\t\t\t\t\t\t<div class=\"elementor-shape elementor-shape-bottom\" aria-hidden=\"true\" data-negative=\"true\">\n\t\t\t<svg xmlns=\"http:\/\/www.w3.org\/2000\/svg\" viewBox=\"0 0 1000 100\" preserveAspectRatio=\"none\">\n\t<path class=\"elementor-shape-fill\" d=\"M500,97C126.7,96.3,0.8,19.8,0,0v100l1000,0V1C1000,19.4,873.3,97.8,500,97z\"\/>\n<\/svg>\t\t<\/div>\n\t\t\t\t\t<div class=\"elementor-container elementor-column-gap-no\">\n\t\t\t\t\t<div class=\"elementor-column elementor-col-100 elementor-top-column elementor-element elementor-element-81a9ba8\" data-id=\"81a9ba8\" data-element_type=\"column\" data-e-type=\"column\">\n\t\t\t<div class=\"elementor-widget-wrap elementor-element-populated\">\n\t\t\t\t\t\t<div class=\"elementor-element elementor-element-988612d elementor-widget elementor-widget-heading\" data-id=\"988612d\" data-element_type=\"widget\" data-e-type=\"widget\" data-widget_type=\"heading.default\">\n\t\t\t\t<div class=\"elementor-widget-container\">\n\t\t\t\t\t<h2 class=\"elementor-heading-title elementor-size-default\">NOTICIAS DESTACADAS<\/h2>\t\t\t\t<\/div>\n\t\t\t\t<\/div>\n\t\t\t\t<div class=\"elementor-element elementor-element-d4e8516 elementor-widget elementor-widget-spacer\" data-id=\"d4e8516\" data-element_type=\"widget\" data-e-type=\"widget\" data-widget_type=\"spacer.default\">\n\t\t\t\t<div class=\"elementor-widget-container\">\n\t\t\t\t\t\t\t<div class=\"elementor-spacer\">\n\t\t\t<div class=\"elementor-spacer-inner\"><\/div>\n\t\t<\/div>\n\t\t\t\t\t\t<\/div>\n\t\t\t\t<\/div>\n\t\t\t\t\t<\/div>\n\t\t<\/div>\n\t\t\t\t\t<\/div>\n\t\t<\/section>\n\t\t\t\t<section class=\"elementor-section elementor-top-section elementor-element elementor-element-0c1ae6f elementor-section-content-top elementor-section-stretched elementor-section-boxed elementor-section-height-default elementor-section-height-default\" data-id=\"0c1ae6f\" data-element_type=\"section\" data-e-type=\"section\" data-settings=\"{&quot;stretch_section&quot;:&quot;section-stretched&quot;}\">\n\t\t\t\t\t\t<div class=\"elementor-container elementor-column-gap-extended\">\n\t\t\t\t\t<div class=\"elementor-column elementor-col-16 elementor-top-column elementor-element elementor-element-9c38830 elementor-hidden-tablet elementor-hidden-mobile\" data-id=\"9c38830\" data-element_type=\"column\" data-e-type=\"column\">\n\t\t\t<div class=\"elementor-widget-wrap\">\n\t\t\t\t\t\t\t<\/div>\n\t\t<\/div>\n\t\t\t\t<div class=\"elementor-column elementor-col-16 elementor-top-column elementor-element elementor-element-17abc58\" data-id=\"17abc58\" data-element_type=\"column\" data-e-type=\"column\">\n\t\t\t<div class=\"elementor-widget-wrap elementor-element-populated\">\n\t\t\t\t\t\t<div class=\"elementor-element elementor-element-d073792 elementor-widget elementor-widget-heading\" data-id=\"d073792\" data-element_type=\"widget\" data-e-type=\"widget\" data-widget_type=\"heading.default\">\n\t\t\t\t<div class=\"elementor-widget-container\">\n\t\t\t\t\t<h1 class=\"elementor-heading-title elementor-size-default\">Benidorm transforma su paseo m\u00e1s emblem\u00e1tico con la nueva Papelera Eterna.<\/h1>\t\t\t\t<\/div>\n\t\t\t\t<\/div>\n\t\t\t\t\t<\/div>\n\t\t<\/div>\n\t\t\t\t<div class=\"elementor-column elementor-col-66 elementor-top-column elementor-element elementor-element-20a126b elementor-hidden-tablet elementor-hidden-mobile\" data-id=\"20a126b\" data-element_type=\"column\" data-e-type=\"column\">\n\t\t\t<div class=\"elementor-widget-wrap\">\n\t\t\t\t\t\t\t<\/div>\n\t\t<\/div>\n\t\t\t\t\t<\/div>\n\t\t<\/section>\n\t\t\t\t<section class=\"elementor-section elementor-top-section elementor-element elementor-element-83e0895 elementor-section-content-top elementor-section-stretched elementor-section-boxed elementor-section-height-default elementor-section-height-default\" data-id=\"83e0895\" data-element_type=\"section\" data-e-type=\"section\" data-settings=\"{&quot;stretch_section&quot;:&quot;section-stretched&quot;}\">\n\t\t\t\t\t\t<div class=\"elementor-container elementor-column-gap-extended\">\n\t\t\t\t\t<div class=\"elementor-column elementor-col-16 elementor-top-column elementor-element elementor-element-f090ba6 elementor-hidden-tablet elementor-hidden-mobile\" data-id=\"f090ba6\" data-element_type=\"column\" data-e-type=\"column\">\n\t\t\t<div class=\"elementor-widget-wrap\">\n\t\t\t\t\t\t\t<\/div>\n\t\t<\/div>\n\t\t\t\t<div class=\"elementor-column elementor-col-66 elementor-top-column elementor-element elementor-element-244cf99\" data-id=\"244cf99\" data-element_type=\"column\" data-e-type=\"column\">\n\t\t\t<div class=\"elementor-widget-wrap elementor-element-populated\">\n\t\t\t\t\t\t<div class=\"elementor-element elementor-element-05e3d0e elementor-widget elementor-widget-image\" data-id=\"05e3d0e\" data-element_type=\"widget\" data-e-type=\"widget\" data-widget_type=\"image.default\">\n\t\t\t\t<div class=\"elementor-widget-container\">\n\t\t\t\t\t\t\t\t\t\t\t\t\t\t\t<img fetchpriority=\"high\" decoding=\"async\" width=\"800\" height=\"519\" src=\"https:\/\/www.fabrezgroup.com\/home\/wp-content\/uploads\/2025\/04\/Papelera-Eterna.webp\" class=\"attachment-1536x1536 size-1536x1536 wp-image-16117\" alt=\"Papelera Eterna Fabrez\" srcset=\"https:\/\/www.fabrezgroup.com\/home\/wp-content\/uploads\/2025\/04\/Papelera-Eterna.webp 800w, https:\/\/www.fabrezgroup.com\/home\/wp-content\/uploads\/2025\/04\/Papelera-Eterna-300x195.webp 300w, https:\/\/www.fabrezgroup.com\/home\/wp-content\/uploads\/2025\/04\/Papelera-Eterna-768x498.webp 768w\" sizes=\"(max-width: 800px) 100vw, 800px\" \/>\t\t\t\t\t\t\t\t\t\t\t\t\t\t\t<\/div>\n\t\t\t\t<\/div>\n\t\t\t\t<div class=\"elementor-element elementor-element-c193271 elementor-widget elementor-widget-heading\" data-id=\"c193271\" data-element_type=\"widget\" data-e-type=\"widget\" data-widget_type=\"heading.default\">\n\t\t\t\t<div class=\"elementor-widget-container\">\n\t\t\t\t\t<h3 class=\"elementor-heading-title elementor-size-default\">La Papelera Eterna mejora la limpieza, reduce costes y transforma la imagen urbana del Paseo de Levante.<\/h3>\t\t\t\t<\/div>\n\t\t\t\t<\/div>\n\t\t\t\t<div class=\"elementor-element elementor-element-42d6289 elementor-widget elementor-widget-text-editor\" data-id=\"42d6289\" data-element_type=\"widget\" data-e-type=\"widget\" data-widget_type=\"text-editor.default\">\n\t\t\t\t<div class=\"elementor-widget-container\">\n\t\t\t\t\t\t\t\t\t<p><a href=\"https:\/\/benidorm.org\/es\" data-wplink-edit=\"true\">Benidorm<\/a> apuesta por la sostenibilidad y la modernizaci\u00f3n del espacio p\u00fablico con la instalaci\u00f3n de la nueva <strong>Papelera Eterna<\/strong>, fabricada por Fabrez.<\/p><p>M\u00e1s de<strong> 100 papeleras<\/strong> ya est\u00e1n operativas a lo largo del Paseo de Levante, una de las zonas m\u00e1s emblem\u00e1ticas y transitadas de la ciudad. El nuevo modelo multiplica por cinco la capacidad de las anteriores, con un volumen de <strong>250 litros<\/strong>, lo que permite una recogida m\u00e1s eficiente y una reducci\u00f3n significativa en la frecuencia de vaciado.<\/p>\t\t\t\t\t\t\t\t<\/div>\n\t\t\t\t<\/div>\n\t\t\t\t<div class=\"elementor-element elementor-element-850cccd elementor-widget elementor-widget-heading\" data-id=\"850cccd\" data-element_type=\"widget\" data-e-type=\"widget\" data-widget_type=\"heading.default\">\n\t\t\t\t<div class=\"elementor-widget-container\">\n\t\t\t\t\t<h3 class=\"elementor-heading-title elementor-size-default\">Dise\u00f1o funcional para espacios de alta afluencia<\/h3>\t\t\t\t<\/div>\n\t\t\t\t<\/div>\n\t\t\t\t<div class=\"elementor-element elementor-element-d11e7a2 elementor-widget elementor-widget-text-editor\" data-id=\"d11e7a2\" data-element_type=\"widget\" data-e-type=\"widget\" data-widget_type=\"text-editor.default\">\n\t\t\t\t<div class=\"elementor-widget-container\">\n\t\t\t\t\t\t\t\t\t<p>La <strong>Papelera Eterna<\/strong> ha sido dise\u00f1ada espec\u00edficamente para entornos urbanos de alto tr\u00e1nsito, como paseos mar\u00edtimos, zonas tur\u00edsticas o centros urbanos. Cuenta con cuatro bocas, una por cada cara, lo que facilita su uso desde cualquier direcci\u00f3n, mejorando la accesibilidad y el comportamiento c\u00edvico.\u00a0<\/p><p>Su estructura completamente met\u00e1lica y reforzada ofrece resistencia frente al vandalismouenta con tratamientos y acabados que la protegen frente a la corrosi\u00f3n marina, haciendo de este modelo una soluci\u00f3n duradera y de bajo mantenimiento.\u00a0<\/p><p>La iniciativa de <a href=\"https:\/\/benidorm.org\/es\">Benidorm<\/a> va m\u00e1s all\u00e1 de una simple renovaci\u00f3n. Forma parte de una visi\u00f3n estrat\u00e9gica para embellecer el entorno, mejorar la higiene urbana y proyectar una imagen moderna y cuidada, tanto para residentes como para turistas.\u00a0<\/p>\t\t\t\t\t\t\t\t<\/div>\n\t\t\t\t<\/div>\n\t\t\t\t<div class=\"elementor-element elementor-element-99fe6a6 elementor-widget elementor-widget-image\" data-id=\"99fe6a6\" data-element_type=\"widget\" data-e-type=\"widget\" data-widget_type=\"image.default\">\n\t\t\t\t<div class=\"elementor-widget-container\">\n\t\t\t\t\t\t\t\t\t\t\t\t\t\t\t<img decoding=\"async\" width=\"1920\" height=\"1200\" src=\"https:\/\/www.fabrezgroup.com\/home\/wp-content\/uploads\/2024\/11\/Papelera-Eterna-001.webp\" class=\"attachment-full size-full wp-image-15508\" alt=\"Papelera Eterna Papelera met\u00e1lica\" srcset=\"https:\/\/www.fabrezgroup.com\/home\/wp-content\/uploads\/2024\/11\/Papelera-Eterna-001.webp 1920w, https:\/\/www.fabrezgroup.com\/home\/wp-content\/uploads\/2024\/11\/Papelera-Eterna-001-300x188.webp 300w, https:\/\/www.fabrezgroup.com\/home\/wp-content\/uploads\/2024\/11\/Papelera-Eterna-001-1024x640.webp 1024w, https:\/\/www.fabrezgroup.com\/home\/wp-content\/uploads\/2024\/11\/Papelera-Eterna-001-768x480.webp 768w, https:\/\/www.fabrezgroup.com\/home\/wp-content\/uploads\/2024\/11\/Papelera-Eterna-001-1536x960.webp 1536w\" sizes=\"(max-width: 1920px) 100vw, 1920px\" \/>\t\t\t\t\t\t\t\t\t\t\t\t\t\t\t<\/div>\n\t\t\t\t<\/div>\n\t\t\t\t<div class=\"elementor-element elementor-element-de5a337 elementor-widget elementor-widget-heading\" data-id=\"de5a337\" data-element_type=\"widget\" data-e-type=\"widget\" data-widget_type=\"heading.default\">\n\t\t\t\t<div class=\"elementor-widget-container\">\n\t\t\t\t\t<h3 class=\"elementor-heading-title elementor-size-default\">\u00bfPor qu\u00e9 la Papelera Eterna?<\/h3>\t\t\t\t<\/div>\n\t\t\t\t<\/div>\n\t\t\t\t<div class=\"elementor-element elementor-element-899710e elementor-widget elementor-widget-text-editor\" data-id=\"899710e\" data-element_type=\"widget\" data-e-type=\"widget\" data-widget_type=\"text-editor.default\">\n\t\t\t\t<div class=\"elementor-widget-container\">\n\t\t\t\t\t\t\t\t\t<p><strong>&#8211; Capacidad de 250 litros:<\/strong> ideal para zonas de alto uso.\u00a0<br \/><strong>&#8211; Cuatro bocas funcionales:<\/strong> accesibles desde cualquier \u00e1ngulo.\u00a0<br \/><strong>&#8211; 100% met\u00e1lica y antivand\u00e1lica:<\/strong> pensada para durar.\u00a0<br \/><strong>&#8211; Dise\u00f1o est\u00e9tico y robusto:<\/strong> armoniza con el paisaje urbano.\u00a0<br \/><strong>&#8211; Alta resistencia a la intemperie y el entorno marino.<\/strong><\/p>\t\t\t\t\t\t\t\t<\/div>\n\t\t\t\t<\/div>\n\t\t\t\t<div class=\"elementor-element elementor-element-eadbe24 elementor-widget elementor-widget-heading\" data-id=\"eadbe24\" data-element_type=\"widget\" data-e-type=\"widget\" data-widget_type=\"heading.default\">\n\t\t\t\t<div class=\"elementor-widget-container\">\n\t\t\t\t\t<h3 class=\"elementor-heading-title elementor-size-default\">Fabrez: innovaci\u00f3n y soluciones reales para entornos urbanos<\/h3>\t\t\t\t<\/div>\n\t\t\t\t<\/div>\n\t\t\t\t<div class=\"elementor-element elementor-element-c3af0fd elementor-widget elementor-widget-text-editor\" data-id=\"c3af0fd\" data-element_type=\"widget\" data-e-type=\"widget\" data-widget_type=\"text-editor.default\">\n\t\t\t\t<div class=\"elementor-widget-container\">\n\t\t\t\t\t\t\t\t\t<p>La<strong> Papelera Eterna<\/strong> es una muestra de c\u00f3mo Fabrez entiende el mobiliario urbano: como una <strong>pieza clave en la gesti\u00f3n eficiente de los residuos y en la calidad del espacio p\u00fablico<\/strong>. Esta renovaci\u00f3n en Benidorm es una referencia clara para otras ciudades que buscan soluciones inteligentes, resistentes y sostenibles.<\/p><p>Para <a href=\"https:\/\/www.fabrezgroup.com\" data-wplink-edit=\"true\"><strong>Fabrez<\/strong><\/a>, este proyecto representa un<strong> caso de \u00e9xito<\/strong> de colaboraci\u00f3n, en el que la tecnolog\u00eda y el dise\u00f1o urbano se ponen al servicio de la ciudadan\u00eda y la eficiencia operativa.<\/p>\t\t\t\t\t\t\t\t<\/div>\n\t\t\t\t<\/div>\n\t\t\t\t<section class=\"elementor-section elementor-inner-section elementor-element elementor-element-6dee1d8 elementor-section-boxed elementor-section-height-default elementor-section-height-default\" data-id=\"6dee1d8\" data-element_type=\"section\" data-e-type=\"section\">\n\t\t\t\t\t\t<div class=\"elementor-container elementor-column-gap-default\">\n\t\t\t\t\t<div class=\"elementor-column elementor-col-100 elementor-inner-column elementor-element elementor-element-ea1ea82\" data-id=\"ea1ea82\" data-element_type=\"column\" data-e-type=\"column\">\n\t\t\t<div class=\"elementor-widget-wrap elementor-element-populated\">\n\t\t\t\t\t\t<div class=\"elementor-element elementor-element-19e0a33 elementor-widget elementor-widget-heading\" data-id=\"19e0a33\" data-element_type=\"widget\" data-e-type=\"widget\" data-widget_type=\"heading.default\">\n\t\t\t\t<div class=\"elementor-widget-container\">\n\t\t\t\t\t<h3 class=\"elementor-heading-title elementor-size-default\">\u00bfEst\u00e1 tu ciudad lista para dar el siguiente paso en limpieza y dise\u00f1o urbano?<\/h3>\t\t\t\t<\/div>\n\t\t\t\t<\/div>\n\t\t\t\t<div class=\"elementor-element elementor-element-7760990 elementor-align-center elementor-laptop-align-center elementor-mobile-align-center elementor-tablet-align-center elementor-button-info elementor-widget elementor-widget-button\" data-id=\"7760990\" data-element_type=\"widget\" data-e-type=\"widget\" data-widget_type=\"button.default\">\n\t\t\t\t<div class=\"elementor-widget-container\">\n\t\t\t\t\t\t\t\t\t<div class=\"elementor-button-wrapper\">\n\t\t\t\t\t<a class=\"elementor-button elementor-button-link elementor-size-sm\" href=\"https:\/\/www.fabrezgroup.com\/home\/contacto\/formulario\/\" target=\"_blank\">\n\t\t\t\t\t\t<span class=\"elementor-button-content-wrapper\">\n\t\t\t\t\t\t\t\t\t<span class=\"elementor-button-text\">\u00a1Cont\u00e1ctanos ahora!<\/span>\n\t\t\t\t\t<\/span>\n\t\t\t\t\t<\/a>\n\t\t\t\t<\/div>\n\t\t\t\t\t\t\t\t<\/div>\n\t\t\t\t<\/div>\n\t\t\t\t\t<\/div>\n\t\t<\/div>\n\t\t\t\t\t<\/div>\n\t\t<\/section>\n\t\t\t\t<section class=\"elementor-section elementor-inner-section elementor-element elementor-element-6329037 elementor-section-boxed elementor-section-height-default elementor-section-height-default\" data-id=\"6329037\" data-element_type=\"section\" data-e-type=\"section\">\n\t\t\t\t\t\t<div class=\"elementor-container elementor-column-gap-default\">\n\t\t\t\t\t<div class=\"elementor-column elementor-col-33 elementor-inner-column elementor-element elementor-element-ffb3647\" data-id=\"ffb3647\" data-element_type=\"column\" data-e-type=\"column\">\n\t\t\t<div class=\"elementor-widget-wrap\">\n\t\t\t\t\t\t\t<\/div>\n\t\t<\/div>\n\t\t\t\t<div class=\"elementor-column elementor-col-33 elementor-inner-column elementor-element elementor-element-51616a9\" data-id=\"51616a9\" data-element_type=\"column\" data-e-type=\"column\">\n\t\t\t<div class=\"elementor-widget-wrap elementor-element-populated\">\n\t\t\t\t\t\t<div class=\"elementor-element elementor-element-2ba699f elementor-widget elementor-widget-heading\" data-id=\"2ba699f\" data-element_type=\"widget\" data-e-type=\"widget\" data-widget_type=\"heading.default\">\n\t\t\t\t<div class=\"elementor-widget-container\">\n\t\t\t\t\t<h2 class=\"elementor-heading-title elementor-size-default\">Compartir art\u00edculo<\/h2>\t\t\t\t<\/div>\n\t\t\t\t<\/div>\n\t\t\t\t\t<\/div>\n\t\t<\/div>\n\t\t\t\t<div class=\"elementor-column elementor-col-33 elementor-inner-column elementor-element elementor-element-f669ad2\" data-id=\"f669ad2\" data-element_type=\"column\" data-e-type=\"column\">\n\t\t\t<div class=\"elementor-widget-wrap elementor-element-populated\">\n\t\t\t\t\t\t<div class=\"elementor-element elementor-element-c47185e elementor-share-buttons--view-icon elementor-share-buttons--shape-circle elementor-share-buttons--skin-gradient elementor-grid-0 elementor-share-buttons--color-official elementor-widget elementor-widget-share-buttons\" data-id=\"c47185e\" data-element_type=\"widget\" data-e-type=\"widget\" data-widget_type=\"share-buttons.default\">\n\t\t\t\t<div class=\"elementor-widget-container\">\n\t\t\t\t\t\t\t<div class=\"elementor-grid\" role=\"list\">\n\t\t\t\t\t\t\t\t<div class=\"elementor-grid-item\" role=\"listitem\">\n\t\t\t\t\t\t<div class=\"elementor-share-btn elementor-share-btn_email\" role=\"button\" tabindex=\"0\" aria-label=\"Compartir en email\">\n\t\t\t\t\t\t\t\t\t\t\t\t\t\t\t<span class=\"elementor-share-btn__icon\">\n\t\t\t\t\t\t\t\t<i class=\"fas fa-envelope\" aria-hidden=\"true\"><\/i>\t\t\t\t\t\t\t<\/span>\n\t\t\t\t\t\t\t\t\t\t\t\t\t\t\t\t\t\t\t\t<\/div>\n\t\t\t\t\t<\/div>\n\t\t\t\t\t\t\t\t\t<div class=\"elementor-grid-item\" role=\"listitem\">\n\t\t\t\t\t\t<div class=\"elementor-share-btn elementor-share-btn_whatsapp\" role=\"button\" tabindex=\"0\" aria-label=\"Compartir en whatsapp\">\n\t\t\t\t\t\t\t\t\t\t\t\t\t\t\t<span class=\"elementor-share-btn__icon\">\n\t\t\t\t\t\t\t\t<i class=\"fab fa-whatsapp\" aria-hidden=\"true\"><\/i>\t\t\t\t\t\t\t<\/span>\n\t\t\t\t\t\t\t\t\t\t\t\t\t\t\t\t\t\t\t\t<\/div>\n\t\t\t\t\t<\/div>\n\t\t\t\t\t\t\t\t\t<div class=\"elementor-grid-item\" role=\"listitem\">\n\t\t\t\t\t\t<div class=\"elementor-share-btn elementor-share-btn_telegram\" role=\"button\" tabindex=\"0\" aria-label=\"Compartir en telegram\">\n\t\t\t\t\t\t\t\t\t\t\t\t\t\t\t<span class=\"elementor-share-btn__icon\">\n\t\t\t\t\t\t\t\t<i class=\"fab fa-telegram\" aria-hidden=\"true\"><\/i>\t\t\t\t\t\t\t<\/span>\n\t\t\t\t\t\t\t\t\t\t\t\t\t\t\t\t\t\t\t\t<\/div>\n\t\t\t\t\t<\/div>\n\t\t\t\t\t\t\t\t\t<div class=\"elementor-grid-item\" role=\"listitem\">\n\t\t\t\t\t\t<div class=\"elementor-share-btn elementor-share-btn_facebook\" role=\"button\" tabindex=\"0\" aria-label=\"Compartir en facebook\">\n\t\t\t\t\t\t\t\t\t\t\t\t\t\t\t<span class=\"elementor-share-btn__icon\">\n\t\t\t\t\t\t\t\t<i class=\"fab fa-facebook\" aria-hidden=\"true\"><\/i>\t\t\t\t\t\t\t<\/span>\n\t\t\t\t\t\t\t\t\t\t\t\t\t\t\t\t\t\t\t\t<\/div>\n\t\t\t\t\t<\/div>\n\t\t\t\t\t\t\t\t\t<div class=\"elementor-grid-item\" role=\"listitem\">\n\t\t\t\t\t\t<div class=\"elementor-share-btn elementor-share-btn_twitter\" role=\"button\" tabindex=\"0\" aria-label=\"Compartir en twitter\">\n\t\t\t\t\t\t\t\t\t\t\t\t\t\t\t<span class=\"elementor-share-btn__icon\">\n\t\t\t\t\t\t\t\t<i class=\"fab fa-twitter\" aria-hidden=\"true\"><\/i>\t\t\t\t\t\t\t<\/span>\n\t\t\t\t\t\t\t\t\t\t\t\t\t\t\t\t\t\t\t\t<\/div>\n\t\t\t\t\t<\/div>\n\t\t\t\t\t\t\t\t\t<div class=\"elementor-grid-item\" role=\"listitem\">\n\t\t\t\t\t\t<div class=\"elementor-share-btn elementor-share-btn_linkedin\" role=\"button\" tabindex=\"0\" aria-label=\"Compartir en linkedin\">\n\t\t\t\t\t\t\t\t\t\t\t\t\t\t\t<span class=\"elementor-share-btn__icon\">\n\t\t\t\t\t\t\t\t<i class=\"fab fa-linkedin\" aria-hidden=\"true\"><\/i>\t\t\t\t\t\t\t<\/span>\n\t\t\t\t\t\t\t\t\t\t\t\t\t\t\t\t\t\t\t\t<\/div>\n\t\t\t\t\t<\/div>\n\t\t\t\t\t\t<\/div>\n\t\t\t\t\t\t<\/div>\n\t\t\t\t<\/div>\n\t\t\t\t\t<\/div>\n\t\t<\/div>\n\t\t\t\t\t<\/div>\n\t\t<\/section>\n\t\t\t\t<section class=\"elementor-section elementor-inner-section elementor-element elementor-element-b8c54e3 elementor-section-full_width elementor-section-height-default elementor-section-height-default\" data-id=\"b8c54e3\" data-element_type=\"section\" data-e-type=\"section\" data-settings=\"{&quot;background_background&quot;:&quot;classic&quot;}\">\n\t\t\t\t\t\t<div class=\"elementor-container elementor-column-gap-no\">\n\t\t\t\t\t<div class=\"elementor-column elementor-col-100 elementor-inner-column elementor-element elementor-element-d138538\" data-id=\"d138538\" data-element_type=\"column\" data-e-type=\"column\">\n\t\t\t<div class=\"elementor-widget-wrap elementor-element-populated\">\n\t\t\t\t\t\t<div class=\"elementor-element elementor-element-f8a15d3 elementor-widget-divider--view-line elementor-widget elementor-widget-divider\" data-id=\"f8a15d3\" data-element_type=\"widget\" data-e-type=\"widget\" data-widget_type=\"divider.default\">\n\t\t\t\t<div class=\"elementor-widget-container\">\n\t\t\t\t\t\t\t<div class=\"elementor-divider\">\n\t\t\t<span class=\"elementor-divider-separator\">\n\t\t\t\t\t\t<\/span>\n\t\t<\/div>\n\t\t\t\t\t\t<\/div>\n\t\t\t\t<\/div>\n\t\t\t\t<div class=\"elementor-element elementor-element-6e2e179 elementor-widget elementor-widget-heading\" data-id=\"6e2e179\" data-element_type=\"widget\" data-e-type=\"widget\" data-widget_type=\"heading.default\">\n\t\t\t\t<div class=\"elementor-widget-container\">\n\t\t\t\t\t<h3 class=\"elementor-heading-title elementor-size-default\">Noticias relacionadas<\/h3>\t\t\t\t<\/div>\n\t\t\t\t<\/div>\n\t\t\t\t<div class=\"elementor-element elementor-element-2186c47 elementor-posts--align-left elementor-grid-tablet-3 elementor-grid-3 elementor-grid-mobile-1 elementor-posts--thumbnail-top elementor-widget elementor-widget-posts\" data-id=\"2186c47\" data-element_type=\"widget\" data-e-type=\"widget\" data-settings=\"{&quot;classic_columns_tablet&quot;:&quot;3&quot;,&quot;classic_columns&quot;:&quot;3&quot;,&quot;classic_columns_mobile&quot;:&quot;1&quot;,&quot;classic_row_gap&quot;:{&quot;unit&quot;:&quot;px&quot;,&quot;size&quot;:35,&quot;sizes&quot;:[]},&quot;classic_row_gap_laptop&quot;:{&quot;unit&quot;:&quot;px&quot;,&quot;size&quot;:&quot;&quot;,&quot;sizes&quot;:[]},&quot;classic_row_gap_tablet&quot;:{&quot;unit&quot;:&quot;px&quot;,&quot;size&quot;:&quot;&quot;,&quot;sizes&quot;:[]},&quot;classic_row_gap_mobile&quot;:{&quot;unit&quot;:&quot;px&quot;,&quot;size&quot;:&quot;&quot;,&quot;sizes&quot;:[]}}\" data-widget_type=\"posts.classic\">\n\t\t\t\t<div class=\"elementor-widget-container\">\n\t\t\t\t\t\t\t<div class=\"elementor-posts-container elementor-posts elementor-posts--skin-classic elementor-grid\" role=\"list\">\n\t\t\t\t<article class=\"elementor-post elementor-grid-item post-17125 post type-post status-publish format-standard has-post-thumbnail hentry category-cleancity category-grupo-fabrez category-soterrados tag-ayuntamiento-de-fuengirola tag-cleancity tag-contenedores-soterrados tag-fabrez tag-fabrez-group\" role=\"listitem\">\n\t\t\t\t<a class=\"elementor-post__thumbnail__link\" href=\"https:\/\/www.fabrezgroup.com\/home\/grupo-fabrez\/fuengirola-moderniza-sus-islas-ecologicas-con-nuevos-soterrados\/\" tabindex=\"-1\" >\n\t\t\t<div class=\"elementor-post__thumbnail\"><img decoding=\"async\" width=\"1024\" height=\"600\" src=\"https:\/\/www.fabrezgroup.com\/home\/wp-content\/uploads\/2026\/03\/FUENGIROLA-2-1024x600.webp\" class=\"attachment-large size-large wp-image-17138\" alt=\"Soterrados Fuengirola\" srcset=\"https:\/\/www.fabrezgroup.com\/home\/wp-content\/uploads\/2026\/03\/FUENGIROLA-2-1024x600.webp 1024w, https:\/\/www.fabrezgroup.com\/home\/wp-content\/uploads\/2026\/03\/FUENGIROLA-2-300x176.webp 300w, https:\/\/www.fabrezgroup.com\/home\/wp-content\/uploads\/2026\/03\/FUENGIROLA-2-768x450.webp 768w, https:\/\/www.fabrezgroup.com\/home\/wp-content\/uploads\/2026\/03\/FUENGIROLA-2-1536x900.webp 1536w, https:\/\/www.fabrezgroup.com\/home\/wp-content\/uploads\/2026\/03\/FUENGIROLA-2.webp 1600w\" sizes=\"(max-width: 1024px) 100vw, 1024px\" \/><\/div>\n\t\t<\/a>\n\t\t\t\t<div class=\"elementor-post__text\">\n\t\t\t\t<h2 class=\"elementor-post__title\">\n\t\t\t<a href=\"https:\/\/www.fabrezgroup.com\/home\/grupo-fabrez\/fuengirola-moderniza-sus-islas-ecologicas-con-nuevos-soterrados\/\" >\n\t\t\t\tFuengirola moderniza sus islas ecol\u00f3gicas con nuevos soterrados\t\t\t<\/a>\n\t\t<\/h2>\n\t\t\t\t<\/div>\n\t\t\t\t<\/article>\n\t\t\t\t<article class=\"elementor-post elementor-grid-item post-16436 post type-post status-publish format-standard has-post-thumbnail hentry category-cleancity category-grupo-fabrez category-soterrados tag-cleancity tag-contenedores-soterrados tag-fabrez-group\" role=\"listitem\">\n\t\t\t\t<a class=\"elementor-post__thumbnail__link\" href=\"https:\/\/www.fabrezgroup.com\/home\/grupo-fabrez\/contenedores-soterrados-ventajas-de-su-instalacion\/\" tabindex=\"-1\" >\n\t\t\t<div class=\"elementor-post__thumbnail\"><img loading=\"lazy\" decoding=\"async\" width=\"1024\" height=\"640\" src=\"https:\/\/www.fabrezgroup.com\/home\/wp-content\/uploads\/2025\/11\/Contenedores-Soterados-Benalmadena-fabrez-1024x640.webp\" class=\"attachment-large size-large wp-image-16444\" alt=\"Contenedores Soterados Benalm\u00e1dena fabrez\" srcset=\"https:\/\/www.fabrezgroup.com\/home\/wp-content\/uploads\/2025\/11\/Contenedores-Soterados-Benalmadena-fabrez-1024x640.webp 1024w, https:\/\/www.fabrezgroup.com\/home\/wp-content\/uploads\/2025\/11\/Contenedores-Soterados-Benalmadena-fabrez-300x188.webp 300w, https:\/\/www.fabrezgroup.com\/home\/wp-content\/uploads\/2025\/11\/Contenedores-Soterados-Benalmadena-fabrez-768x480.webp 768w, https:\/\/www.fabrezgroup.com\/home\/wp-content\/uploads\/2025\/11\/Contenedores-Soterados-Benalmadena-fabrez.webp 1280w\" sizes=\"(max-width: 1024px) 100vw, 1024px\" \/><\/div>\n\t\t<\/a>\n\t\t\t\t<div class=\"elementor-post__text\">\n\t\t\t\t<h2 class=\"elementor-post__title\">\n\t\t\t<a href=\"https:\/\/www.fabrezgroup.com\/home\/grupo-fabrez\/contenedores-soterrados-ventajas-de-su-instalacion\/\" >\n\t\t\t\tContenedores Soterrados: Ventajas de su Instalaci\u00f3n\t\t\t<\/a>\n\t\t<\/h2>\n\t\t\t\t<\/div>\n\t\t\t\t<\/article>\n\t\t\t\t<article class=\"elementor-post elementor-grid-item post-16299 post type-post status-publish format-standard has-post-thumbnail hentry category-cleancity category-grupo-fabrez category-soterrados tag-ayuntamiento-de-benalmadena tag-benalmadena tag-cleancity tag-contenedores-soterrados tag-fabrez tag-fabrez-group\" role=\"listitem\">\n\t\t\t\t<a class=\"elementor-post__thumbnail__link\" href=\"https:\/\/www.fabrezgroup.com\/home\/grupo-fabrez\/benalmadena-instala-400-contenedores-soterrados\/\" tabindex=\"-1\" >\n\t\t\t<div class=\"elementor-post__thumbnail\"><img loading=\"lazy\" decoding=\"async\" width=\"1024\" height=\"610\" src=\"https:\/\/www.fabrezgroup.com\/home\/wp-content\/uploads\/2025\/09\/Benalmadena-Contenedores-Soterrados-Fabrez-001-1024x610.webp\" class=\"attachment-large size-large wp-image-16302\" alt=\"Benalmadena Contenedores Soterrados Fabrez\" srcset=\"https:\/\/www.fabrezgroup.com\/home\/wp-content\/uploads\/2025\/09\/Benalmadena-Contenedores-Soterrados-Fabrez-001-1024x610.webp 1024w, https:\/\/www.fabrezgroup.com\/home\/wp-content\/uploads\/2025\/09\/Benalmadena-Contenedores-Soterrados-Fabrez-001-300x179.webp 300w, https:\/\/www.fabrezgroup.com\/home\/wp-content\/uploads\/2025\/09\/Benalmadena-Contenedores-Soterrados-Fabrez-001-768x458.webp 768w, https:\/\/www.fabrezgroup.com\/home\/wp-content\/uploads\/2025\/09\/Benalmadena-Contenedores-Soterrados-Fabrez-001-1536x915.webp 1536w, https:\/\/www.fabrezgroup.com\/home\/wp-content\/uploads\/2025\/09\/Benalmadena-Contenedores-Soterrados-Fabrez-001.webp 1920w\" sizes=\"(max-width: 1024px) 100vw, 1024px\" \/><\/div>\n\t\t<\/a>\n\t\t\t\t<div class=\"elementor-post__text\">\n\t\t\t\t<h2 class=\"elementor-post__title\">\n\t\t\t<a href=\"https:\/\/www.fabrezgroup.com\/home\/grupo-fabrez\/benalmadena-instala-400-contenedores-soterrados\/\" >\n\t\t\t\tBenalm\u00e1dena instala 400 contenedores soterrados\t\t\t<\/a>\n\t\t<\/h2>\n\t\t\t\t<\/div>\n\t\t\t\t<\/article>\n\t\t\t\t<\/div>\n\t\t\n\t\t\t\t\t\t<\/div>\n\t\t\t\t<\/div>\n\t\t\t\t\t<\/div>\n\t\t<\/div>\n\t\t\t\t\t<\/div>\n\t\t<\/section>\n\t\t\t\t<section class=\"elementor-section elementor-inner-section elementor-element elementor-element-ef041d9 elementor-section-full_width elementor-section-height-default elementor-section-height-default\" data-id=\"ef041d9\" data-element_type=\"section\" data-e-type=\"section\" data-settings=\"{&quot;background_background&quot;:&quot;classic&quot;}\">\n\t\t\t\t\t\t<div class=\"elementor-container elementor-column-gap-no\">\n\t\t\t\t\t<div class=\"elementor-column elementor-col-100 elementor-inner-column elementor-element elementor-element-d01c0dd\" data-id=\"d01c0dd\" data-element_type=\"column\" data-e-type=\"column\">\n\t\t\t<div class=\"elementor-widget-wrap elementor-element-populated\">\n\t\t\t\t\t\t<div class=\"elementor-element elementor-element-b3b6cec elementor-widget-divider--view-line elementor-widget elementor-widget-divider\" data-id=\"b3b6cec\" data-element_type=\"widget\" data-e-type=\"widget\" data-widget_type=\"divider.default\">\n\t\t\t\t<div class=\"elementor-widget-container\">\n\t\t\t\t\t\t\t<div class=\"elementor-divider\">\n\t\t\t<span class=\"elementor-divider-separator\">\n\t\t\t\t\t\t<\/span>\n\t\t<\/div>\n\t\t\t\t\t\t<\/div>\n\t\t\t\t<\/div>\n\t\t\t\t<div class=\"elementor-element elementor-element-cfd2eca elementor-widget elementor-widget-heading\" data-id=\"cfd2eca\" data-element_type=\"widget\" data-e-type=\"widget\" data-widget_type=\"heading.default\">\n\t\t\t\t<div class=\"elementor-widget-container\">\n\t\t\t\t\t<h3 class=\"elementor-heading-title elementor-size-default\">Productos relacionados<\/h3>\t\t\t\t<\/div>\n\t\t\t\t<\/div>\n\t\t\t\t<section class=\"elementor-section elementor-inner-section elementor-element elementor-element-64111a4 elementor-section-boxed elementor-section-height-default elementor-section-height-default\" data-id=\"64111a4\" data-element_type=\"section\" data-e-type=\"section\">\n\t\t\t\t\t\t<div class=\"elementor-container elementor-column-gap-default\">\n\t\t\t\t\t<div class=\"elementor-column elementor-col-33 elementor-inner-column elementor-element elementor-element-3942f59\" data-id=\"3942f59\" data-element_type=\"column\" data-e-type=\"column\">\n\t\t\t<div class=\"elementor-widget-wrap elementor-element-populated\">\n\t\t\t\t\t\t<div class=\"elementor-element elementor-element-ab0f322 elementor-cta--skin-cover elementor-cta--valign-bottom elementor-animated-content elementor-bg-transform elementor-bg-transform-zoom-in elementor-widget elementor-widget-call-to-action\" data-id=\"ab0f322\" data-element_type=\"widget\" data-e-type=\"widget\" data-widget_type=\"call-to-action.default\">\n\t\t\t\t<div class=\"elementor-widget-container\">\n\t\t\t\t\t\t\t<a class=\"elementor-cta\" href=\"https:\/\/www.fabrezgroup.com\/home\/cleancity\/mobiliario-urbano\/#Eterna\">\n\t\t\t\t\t<div class=\"elementor-cta__bg-wrapper\">\n\t\t\t\t<div class=\"elementor-cta__bg elementor-bg\" style=\"background-image: url(https:\/\/www.fabrezgroup.com\/home\/wp-content\/uploads\/2024\/11\/Papelera-Eterna-001-1024x640.webp);\" role=\"img\" aria-label=\"Papelera Eterna Papelera met\u00e1lica\"><\/div>\n\t\t\t\t<div class=\"elementor-cta__bg-overlay\"><\/div>\n\t\t\t<\/div>\n\t\t\t\t\t\t\t<div class=\"elementor-cta__content\">\n\t\t\t\t\n\t\t\t\t\n\t\t\t\t\n\t\t\t\t\t\t\t<\/div>\n\t\t\t\t\t\t<\/a>\n\t\t\t\t\t\t<\/div>\n\t\t\t\t<\/div>\n\t\t\t\t<div class=\"elementor-element elementor-element-3b49aa1 elementor-widget elementor-widget-heading\" data-id=\"3b49aa1\" data-element_type=\"widget\" data-e-type=\"widget\" data-widget_type=\"heading.default\">\n\t\t\t\t<div class=\"elementor-widget-container\">\n\t\t\t\t\t<h3 class=\"elementor-heading-title elementor-size-default\">Papelera Eterna<\/h3>\t\t\t\t<\/div>\n\t\t\t\t<\/div>\n\t\t\t\t<div class=\"elementor-element elementor-element-7dc0111 elementor-widget elementor-widget-heading\" data-id=\"7dc0111\" data-element_type=\"widget\" data-e-type=\"widget\" data-widget_type=\"heading.default\">\n\t\t\t\t<div class=\"elementor-widget-container\">\n\t\t\t\t\t<h3 class=\"elementor-heading-title elementor-size-default\">Mobiliario Urbano<\/h3>\t\t\t\t<\/div>\n\t\t\t\t<\/div>\n\t\t\t\t\t<\/div>\n\t\t<\/div>\n\t\t\t\t<div class=\"elementor-column elementor-col-33 elementor-inner-column elementor-element elementor-element-cf4fabb\" data-id=\"cf4fabb\" data-element_type=\"column\" data-e-type=\"column\">\n\t\t\t<div class=\"elementor-widget-wrap elementor-element-populated\">\n\t\t\t\t\t\t<div class=\"elementor-element elementor-element-cc85328 elementor-cta--skin-cover elementor-cta--valign-bottom elementor-animated-content elementor-bg-transform elementor-bg-transform-zoom-in elementor-widget elementor-widget-call-to-action\" data-id=\"cc85328\" data-element_type=\"widget\" data-e-type=\"widget\" data-widget_type=\"call-to-action.default\">\n\t\t\t\t<div class=\"elementor-widget-container\">\n\t\t\t\t\t\t\t<a class=\"elementor-cta\" href=\"https:\/\/www.fabrezgroup.com\/home\/cleancity\/cubre-contenedores\/#Qsmall\">\n\t\t\t\t\t<div class=\"elementor-cta__bg-wrapper\">\n\t\t\t\t<div class=\"elementor-cta__bg elementor-bg\" style=\"background-image: url(https:\/\/www.fabrezgroup.com\/home\/wp-content\/uploads\/2022\/06\/Cubrecontenedor-5-1024x640.jpg);\" role=\"img\" aria-label=\"Cubrecontenedor (5)\"><\/div>\n\t\t\t\t<div class=\"elementor-cta__bg-overlay\"><\/div>\n\t\t\t<\/div>\n\t\t\t\t\t\t\t<div class=\"elementor-cta__content\">\n\t\t\t\t\n\t\t\t\t\n\t\t\t\t\n\t\t\t\t\t\t\t<\/div>\n\t\t\t\t\t\t<\/a>\n\t\t\t\t\t\t<\/div>\n\t\t\t\t<\/div>\n\t\t\t\t<div class=\"elementor-element elementor-element-2b0ceb3 elementor-widget elementor-widget-heading\" data-id=\"2b0ceb3\" data-element_type=\"widget\" data-e-type=\"widget\" data-widget_type=\"heading.default\">\n\t\t\t\t<div class=\"elementor-widget-container\">\n\t\t\t\t\t<h3 class=\"elementor-heading-title elementor-size-default\">Q-Small<\/h3>\t\t\t\t<\/div>\n\t\t\t\t<\/div>\n\t\t\t\t<div class=\"elementor-element elementor-element-1e468dc elementor-widget elementor-widget-heading\" data-id=\"1e468dc\" data-element_type=\"widget\" data-e-type=\"widget\" data-widget_type=\"heading.default\">\n\t\t\t\t<div class=\"elementor-widget-container\">\n\t\t\t\t\t<h3 class=\"elementor-heading-title elementor-size-default\">Cubre-Contenedor<\/h3>\t\t\t\t<\/div>\n\t\t\t\t<\/div>\n\t\t\t\t\t<\/div>\n\t\t<\/div>\n\t\t\t\t<div class=\"elementor-column elementor-col-33 elementor-inner-column elementor-element elementor-element-03acf0c\" data-id=\"03acf0c\" data-element_type=\"column\" data-e-type=\"column\">\n\t\t\t<div class=\"elementor-widget-wrap elementor-element-populated\">\n\t\t\t\t\t\t<div class=\"elementor-element elementor-element-66dae3f elementor-cta--skin-cover elementor-cta--valign-bottom elementor-animated-content elementor-bg-transform elementor-bg-transform-zoom-in elementor-widget elementor-widget-call-to-action\" data-id=\"66dae3f\" data-element_type=\"widget\" data-e-type=\"widget\" data-widget_type=\"call-to-action.default\">\n\t\t\t\t<div class=\"elementor-widget-container\">\n\t\t\t\t\t\t\t<a class=\"elementor-cta\" href=\"https:\/\/www.fabrezgroup.com\/home\/cleancity\/mobiliario-urbano\/#Mupi\">\n\t\t\t\t\t<div class=\"elementor-cta__bg-wrapper\">\n\t\t\t\t<div class=\"elementor-cta__bg elementor-bg\" style=\"background-image: url(https:\/\/www.fabrezgroup.com\/home\/wp-content\/uploads\/2022\/03\/Mupi-3-1024x640.jpg);\" role=\"img\" aria-label=\"Mini Punto Limpio - Fabrez Group\"><\/div>\n\t\t\t\t<div class=\"elementor-cta__bg-overlay\"><\/div>\n\t\t\t<\/div>\n\t\t\t\t\t\t\t<div class=\"elementor-cta__content\">\n\t\t\t\t\n\t\t\t\t\n\t\t\t\t\n\t\t\t\t\t\t\t<\/div>\n\t\t\t\t\t\t<\/a>\n\t\t\t\t\t\t<\/div>\n\t\t\t\t<\/div>\n\t\t\t\t<div class=\"elementor-element elementor-element-c8ee9d9 elementor-widget elementor-widget-heading\" data-id=\"c8ee9d9\" data-element_type=\"widget\" data-e-type=\"widget\" data-widget_type=\"heading.default\">\n\t\t\t\t<div class=\"elementor-widget-container\">\n\t\t\t\t\t<h3 class=\"elementor-heading-title elementor-size-default\">Mupi<\/h3>\t\t\t\t<\/div>\n\t\t\t\t<\/div>\n\t\t\t\t<div class=\"elementor-element elementor-element-5db3bcf elementor-widget elementor-widget-heading\" data-id=\"5db3bcf\" data-element_type=\"widget\" data-e-type=\"widget\" data-widget_type=\"heading.default\">\n\t\t\t\t<div class=\"elementor-widget-container\">\n\t\t\t\t\t<h3 class=\"elementor-heading-title elementor-size-default\">Mini-Punto Limpio<\/h3>\t\t\t\t<\/div>\n\t\t\t\t<\/div>\n\t\t\t\t\t<\/div>\n\t\t<\/div>\n\t\t\t\t\t<\/div>\n\t\t<\/section>\n\t\t\t\t\t<\/div>\n\t\t<\/div>\n\t\t\t\t\t<\/div>\n\t\t<\/section>\n\t\t\t\t\t<\/div>\n\t\t<\/div>\n\t\t\t\t<div class=\"elementor-column elementor-col-16 elementor-top-column elementor-element elementor-element-df2434d elementor-hidden-tablet elementor-hidden-mobile\" data-id=\"df2434d\" data-element_type=\"column\" data-e-type=\"column\" data-settings=\"{&quot;animation&quot;:&quot;none&quot;}\">\n\t\t\t<div class=\"elementor-widget-wrap elementor-element-populated\">\n\t\t\t\t\t\t<div class=\"elementor-element elementor-element-9bf3c05 elementor-widget elementor-widget-shortcode\" data-id=\"9bf3c05\" data-element_type=\"widget\" data-e-type=\"widget\" data-widget_type=\"shortcode.default\">\n\t\t\t\t<div class=\"elementor-widget-container\">\n\t\t\t\t\t\t\t<div class=\"elementor-shortcode\">\t\t<div data-elementor-type=\"section\" data-elementor-id=\"7548\" class=\"elementor elementor-7548\" data-elementor-post-type=\"elementor_library\">\n\t\t\t\t\t<section class=\"elementor-section elementor-top-section elementor-element elementor-element-60ec9c13 elementor-section-content-top elementor-section-boxed elementor-section-height-default elementor-section-height-default\" data-id=\"60ec9c13\" data-element_type=\"section\" data-e-type=\"section\">\n\t\t\t\t\t\t<div class=\"elementor-container elementor-column-gap-no\">\n\t\t\t\t\t<div class=\"elementor-column elementor-col-100 elementor-top-column elementor-element elementor-element-53742b8c elementor-hidden-tablet elementor-hidden-mobile\" data-id=\"53742b8c\" data-element_type=\"column\" data-e-type=\"column\" data-settings=\"{&quot;animation&quot;:&quot;none&quot;}\">\n\t\t\t<div class=\"elementor-widget-wrap elementor-element-populated\">\n\t\t\t\t\t\t<div class=\"elementor-element elementor-element-4c4a96a2 elementor-search-form--skin-classic elementor-search-form--button-type-icon elementor-search-form--icon-search elementor-widget elementor-widget-search-form\" data-id=\"4c4a96a2\" data-element_type=\"widget\" data-e-type=\"widget\" data-settings=\"{&quot;skin&quot;:&quot;classic&quot;}\" data-widget_type=\"search-form.default\">\n\t\t\t\t<div class=\"elementor-widget-container\">\n\t\t\t\t\t\t\t<search role=\"search\">\n\t\t\t<form class=\"elementor-search-form\" action=\"https:\/\/www.fabrezgroup.com\/home\" method=\"get\">\n\t\t\t\t\t\t\t\t\t\t\t\t<div class=\"elementor-search-form__container\">\n\t\t\t\t\t<label class=\"elementor-screen-only\" for=\"elementor-search-form-4c4a96a2\">Buscar<\/label>\n\n\t\t\t\t\t\n\t\t\t\t\t<input id=\"elementor-search-form-4c4a96a2\" placeholder=\"Buscar...\" class=\"elementor-search-form__input\" type=\"search\" name=\"s\" value=\"\">\n\t\t\t\t\t\n\t\t\t\t\t\t\t\t\t\t\t<button class=\"elementor-search-form__submit\" type=\"submit\" aria-label=\"Buscar\">\n\t\t\t\t\t\t\t\t\t\t\t\t\t\t\t<i aria-hidden=\"true\" class=\"fas fa-search\"><\/i>\t\t\t\t\t\t\t\t\t\t\t\t\t<\/button>\n\t\t\t\t\t\n\t\t\t\t\t\t\t\t\t<\/div>\n\t\t\t<\/form>\n\t\t<\/search>\n\t\t\t\t\t\t<\/div>\n\t\t\t\t<\/div>\n\t\t\t\t<section class=\"elementor-section elementor-inner-section elementor-element elementor-element-734ee79c elementor-section-full_width elementor-section-height-min-height elementor-section-height-default\" data-id=\"734ee79c\" data-element_type=\"section\" data-e-type=\"section\" data-settings=\"{&quot;background_background&quot;:&quot;gradient&quot;,&quot;motion_fx_motion_fx_scrolling&quot;:&quot;yes&quot;,&quot;motion_fx_devices&quot;:[&quot;desktop&quot;,&quot;laptop&quot;,&quot;tablet&quot;,&quot;mobile&quot;]}\">\n\t\t\t\t\t\t<div class=\"elementor-container elementor-column-gap-no\">\n\t\t\t\t\t<div class=\"elementor-column elementor-col-100 elementor-inner-column elementor-element elementor-element-55e7b0de\" data-id=\"55e7b0de\" data-element_type=\"column\" data-e-type=\"column\">\n\t\t\t<div class=\"elementor-widget-wrap elementor-element-populated\">\n\t\t\t\t\t\t<div class=\"elementor-element elementor-element-5ce79cbd elementor-widget elementor-widget-elementskit-heading\" data-id=\"5ce79cbd\" data-element_type=\"widget\" data-e-type=\"widget\" data-widget_type=\"elementskit-heading.default\">\n\t\t\t\t<div class=\"elementor-widget-container\">\n\t\t\t\t\t<div class=\"ekit-wid-con\" ><div class=\"ekit-heading elementskit-section-title-wraper text_center   ekit_heading_tablet-   ekit_heading_mobile-text_center\"><h4 class=\"elementskit-section-subtitle  \">\n\t\t\t\t\t\tDescubre\n\t\t\t\t\t<\/h4><a href=\"https:\/\/www.fabrezgroup.com\/home\/grupo-fabrez\/catalogos\/\"><h3 class=\"ekit-heading--title elementskit-section-title \">Nuestros Cat\u00e1logos<\/h3><\/a><\/div><\/div>\t\t\t\t<\/div>\n\t\t\t\t<\/div>\n\t\t\t\t<div class=\"elementor-element elementor-element-29bbe7b3 elementor-cta--skin-cover elementor-cta--valign-middle elementor-animated-content elementor-bg-transform elementor-bg-transform-zoom-in elementor-widget elementor-widget-call-to-action\" data-id=\"29bbe7b3\" data-element_type=\"widget\" data-e-type=\"widget\" data-widget_type=\"call-to-action.default\">\n\t\t\t\t<div class=\"elementor-widget-container\">\n\t\t\t\t\t\t\t<a class=\"elementor-cta\" href=\"https:\/\/www.fabrezgroup.com\/home\/grupo-fabrez\/catalogos\/\">\n\t\t\t\t\t<div class=\"elementor-cta__bg-wrapper\">\n\t\t\t\t<div class=\"elementor-cta__bg elementor-bg\" style=\"background-image: url(https:\/\/www.fabrezgroup.com\/home\/wp-content\/uploads\/2022\/06\/Cata\u0301logos-1024x1024.png);\" role=\"img\" aria-label=\"Cata\u0301logos\"><\/div>\n\t\t\t\t<div class=\"elementor-cta__bg-overlay\"><\/div>\n\t\t\t<\/div>\n\t\t\t\t\t\t\t<div class=\"elementor-cta__content\">\n\t\t\t\t\n\t\t\t\t\n\t\t\t\t\n\t\t\t\t\t\t\t<\/div>\n\t\t\t\t\t\t<\/a>\n\t\t\t\t\t\t<\/div>\n\t\t\t\t<\/div>\n\t\t\t\t\t<\/div>\n\t\t<\/div>\n\t\t\t\t\t<\/div>\n\t\t<\/section>\n\t\t\t\t<div class=\"elementor-element elementor-element-1434f584 elementor-widget elementor-widget-spacer\" data-id=\"1434f584\" data-element_type=\"widget\" data-e-type=\"widget\" data-widget_type=\"spacer.default\">\n\t\t\t\t<div class=\"elementor-widget-container\">\n\t\t\t\t\t\t\t<div class=\"elementor-spacer\">\n\t\t\t<div class=\"elementor-spacer-inner\"><\/div>\n\t\t<\/div>\n\t\t\t\t\t\t<\/div>\n\t\t\t\t<\/div>\n\t\t\t\t<div class=\"elementor-element elementor-element-3f89d53 elementor-widget elementor-widget-heading\" data-id=\"3f89d53\" data-element_type=\"widget\" data-e-type=\"widget\" data-widget_type=\"heading.default\">\n\t\t\t\t<div class=\"elementor-widget-container\">\n\t\t\t\t\t<h5 class=\"elementor-heading-title elementor-size-default\">Noticias destacadas<\/h5>\t\t\t\t<\/div>\n\t\t\t\t<\/div>\n\t\t\t\t<div class=\"elementor-element elementor-element-2463b8f8 elementor-widget-divider--view-line elementor-widget elementor-widget-divider\" data-id=\"2463b8f8\" data-element_type=\"widget\" data-e-type=\"widget\" data-widget_type=\"divider.default\">\n\t\t\t\t<div class=\"elementor-widget-container\">\n\t\t\t\t\t\t\t<div class=\"elementor-divider\">\n\t\t\t<span class=\"elementor-divider-separator\">\n\t\t\t\t\t\t<\/span>\n\t\t<\/div>\n\t\t\t\t\t\t<\/div>\n\t\t\t\t<\/div>\n\t\t\t\t<div class=\"elementor-element elementor-element-56a0bbf0 elementor-grid-1 elementor-grid-tablet-2 elementor-grid-mobile-1 elementor-posts--thumbnail-top elementor-widget elementor-widget-posts\" data-id=\"56a0bbf0\" data-element_type=\"widget\" data-e-type=\"widget\" data-settings=\"{&quot;classic_columns&quot;:&quot;1&quot;,&quot;classic_columns_tablet&quot;:&quot;2&quot;,&quot;classic_columns_mobile&quot;:&quot;1&quot;,&quot;classic_row_gap&quot;:{&quot;unit&quot;:&quot;px&quot;,&quot;size&quot;:35,&quot;sizes&quot;:[]},&quot;classic_row_gap_laptop&quot;:{&quot;unit&quot;:&quot;px&quot;,&quot;size&quot;:&quot;&quot;,&quot;sizes&quot;:[]},&quot;classic_row_gap_tablet&quot;:{&quot;unit&quot;:&quot;px&quot;,&quot;size&quot;:&quot;&quot;,&quot;sizes&quot;:[]},&quot;classic_row_gap_mobile&quot;:{&quot;unit&quot;:&quot;px&quot;,&quot;size&quot;:&quot;&quot;,&quot;sizes&quot;:[]}}\" data-widget_type=\"posts.classic\">\n\t\t\t\t<div class=\"elementor-widget-container\">\n\t\t\t\t\t\t\t<div class=\"elementor-posts-container elementor-posts elementor-posts--skin-classic elementor-grid\" role=\"list\">\n\t\t\t\t<article class=\"elementor-post elementor-grid-item post-17163 post type-post status-publish format-standard has-post-thumbnail hentry category-grupo-fabrez category-metalfab tag-fabrez tag-fabrez-group tag-metalfab tag-transformados-metalicos\" role=\"listitem\">\n\t\t\t\t<a class=\"elementor-post__thumbnail__link\" href=\"https:\/\/www.fabrezgroup.com\/home\/grupo-fabrez\/fabricacion-avanzada-y-transformado-metalico-de-maxima-precision\/\" tabindex=\"-1\" >\n\t\t\t<div class=\"elementor-post__thumbnail\"><img loading=\"lazy\" decoding=\"async\" width=\"300\" height=\"188\" src=\"https:\/\/www.fabrezgroup.com\/home\/wp-content\/uploads\/2022\/06\/Transformacio\u0301n-Industrial-6-300x188.jpg\" class=\"attachment-medium size-medium wp-image-436\" alt=\"\" srcset=\"https:\/\/www.fabrezgroup.com\/home\/wp-content\/uploads\/2022\/06\/Transformacio\u0301n-Industrial-6-300x188.jpg 300w, https:\/\/www.fabrezgroup.com\/home\/wp-content\/uploads\/2022\/06\/Transformacio\u0301n-Industrial-6-1024x640.jpg 1024w, https:\/\/www.fabrezgroup.com\/home\/wp-content\/uploads\/2022\/06\/Transformacio\u0301n-Industrial-6-768x480.jpg 768w, https:\/\/www.fabrezgroup.com\/home\/wp-content\/uploads\/2022\/06\/Transformacio\u0301n-Industrial-6-1536x960.jpg 1536w, https:\/\/www.fabrezgroup.com\/home\/wp-content\/uploads\/2022\/06\/Transformacio\u0301n-Industrial-6.jpg 1920w\" sizes=\"(max-width: 300px) 100vw, 300px\" \/><\/div>\n\t\t<\/a>\n\t\t\t\t<div class=\"elementor-post__text\">\n\t\t\t\t<h4 class=\"elementor-post__title\">\n\t\t\t<a href=\"https:\/\/www.fabrezgroup.com\/home\/grupo-fabrez\/fabricacion-avanzada-y-transformado-metalico-de-maxima-precision\/\" >\n\t\t\t\tFabricaci\u00f3n avanzada y transformado met\u00e1lico de m\u00e1xima precisi\u00f3n\t\t\t<\/a>\n\t\t<\/h4>\n\t\t\t\t<div class=\"elementor-post__meta-data\">\n\t\t\t\t\t<span class=\"elementor-post-date\">\n\t\t\tmarzo 9, 2026\t\t<\/span>\n\t\t\t\t<\/div>\n\t\t\t\t<\/div>\n\t\t\t\t<\/article>\n\t\t\t\t<article class=\"elementor-post elementor-grid-item post-17170 post type-post status-publish format-standard has-post-thumbnail hentry category-carclean category-ecomove category-grupo-fabrez tag-carclean tag-carro-barrendero-electrico tag-carros-barrenderos tag-carros-barrenderos-electricos tag-ecomove tag-fabrez tag-fabrez-group tag-getxo\" role=\"listitem\">\n\t\t\t\t<a class=\"elementor-post__thumbnail__link\" href=\"https:\/\/www.fabrezgroup.com\/home\/grupo-fabrez\/getxo-moderniza-carros-barrenderos-electricos\/\" tabindex=\"-1\" >\n\t\t\t<div class=\"elementor-post__thumbnail\"><img loading=\"lazy\" decoding=\"async\" width=\"300\" height=\"169\" src=\"https:\/\/www.fabrezgroup.com\/home\/wp-content\/uploads\/2026\/03\/Carclean-Electrico-300x169.webp\" class=\"attachment-medium size-medium wp-image-17180\" alt=\"Carclean - Carro Barrendero El\u00e9ctrico\" srcset=\"https:\/\/www.fabrezgroup.com\/home\/wp-content\/uploads\/2026\/03\/Carclean-Electrico-300x169.webp 300w, https:\/\/www.fabrezgroup.com\/home\/wp-content\/uploads\/2026\/03\/Carclean-Electrico-1024x575.webp 1024w, https:\/\/www.fabrezgroup.com\/home\/wp-content\/uploads\/2026\/03\/Carclean-Electrico-768x432.webp 768w, https:\/\/www.fabrezgroup.com\/home\/wp-content\/uploads\/2026\/03\/Carclean-Electrico-1536x863.webp 1536w, https:\/\/www.fabrezgroup.com\/home\/wp-content\/uploads\/2026\/03\/Carclean-Electrico.webp 1920w\" sizes=\"(max-width: 300px) 100vw, 300px\" \/><\/div>\n\t\t<\/a>\n\t\t\t\t<div class=\"elementor-post__text\">\n\t\t\t\t<h4 class=\"elementor-post__title\">\n\t\t\t<a href=\"https:\/\/www.fabrezgroup.com\/home\/grupo-fabrez\/getxo-moderniza-carros-barrenderos-electricos\/\" >\n\t\t\t\tGetxo moderniza carros barrenderos el\u00e9ctricos\t\t\t<\/a>\n\t\t<\/h4>\n\t\t\t\t<div class=\"elementor-post__meta-data\">\n\t\t\t\t\t<span class=\"elementor-post-date\">\n\t\t\tmarzo 5, 2026\t\t<\/span>\n\t\t\t\t<\/div>\n\t\t\t\t<\/div>\n\t\t\t\t<\/article>\n\t\t\t\t<article class=\"elementor-post elementor-grid-item post-17125 post type-post status-publish format-standard has-post-thumbnail hentry category-cleancity category-grupo-fabrez category-soterrados tag-ayuntamiento-de-fuengirola tag-cleancity tag-contenedores-soterrados tag-fabrez tag-fabrez-group\" role=\"listitem\">\n\t\t\t\t<a class=\"elementor-post__thumbnail__link\" href=\"https:\/\/www.fabrezgroup.com\/home\/grupo-fabrez\/fuengirola-moderniza-sus-islas-ecologicas-con-nuevos-soterrados\/\" tabindex=\"-1\" >\n\t\t\t<div class=\"elementor-post__thumbnail\"><img loading=\"lazy\" decoding=\"async\" width=\"300\" height=\"176\" src=\"https:\/\/www.fabrezgroup.com\/home\/wp-content\/uploads\/2026\/03\/FUENGIROLA-2-300x176.webp\" class=\"attachment-medium size-medium wp-image-17138\" alt=\"Soterrados Fuengirola\" srcset=\"https:\/\/www.fabrezgroup.com\/home\/wp-content\/uploads\/2026\/03\/FUENGIROLA-2-300x176.webp 300w, https:\/\/www.fabrezgroup.com\/home\/wp-content\/uploads\/2026\/03\/FUENGIROLA-2-1024x600.webp 1024w, https:\/\/www.fabrezgroup.com\/home\/wp-content\/uploads\/2026\/03\/FUENGIROLA-2-768x450.webp 768w, https:\/\/www.fabrezgroup.com\/home\/wp-content\/uploads\/2026\/03\/FUENGIROLA-2-1536x900.webp 1536w, https:\/\/www.fabrezgroup.com\/home\/wp-content\/uploads\/2026\/03\/FUENGIROLA-2.webp 1600w\" sizes=\"(max-width: 300px) 100vw, 300px\" \/><\/div>\n\t\t<\/a>\n\t\t\t\t<div class=\"elementor-post__text\">\n\t\t\t\t<h4 class=\"elementor-post__title\">\n\t\t\t<a href=\"https:\/\/www.fabrezgroup.com\/home\/grupo-fabrez\/fuengirola-moderniza-sus-islas-ecologicas-con-nuevos-soterrados\/\" >\n\t\t\t\tFuengirola moderniza sus islas ecol\u00f3gicas con nuevos soterrados\t\t\t<\/a>\n\t\t<\/h4>\n\t\t\t\t<div class=\"elementor-post__meta-data\">\n\t\t\t\t\t<span class=\"elementor-post-date\">\n\t\t\tmarzo 3, 2026\t\t<\/span>\n\t\t\t\t<\/div>\n\t\t\t\t<\/div>\n\t\t\t\t<\/article>\n\t\t\t\t<\/div>\n\t\t\n\t\t\t\t\t\t<\/div>\n\t\t\t\t<\/div>\n\t\t\t\t<div class=\"elementor-element elementor-element-6c8dac91 elementor-widget elementor-widget-spacer\" data-id=\"6c8dac91\" data-element_type=\"widget\" data-e-type=\"widget\" data-widget_type=\"spacer.default\">\n\t\t\t\t<div class=\"elementor-widget-container\">\n\t\t\t\t\t\t\t<div class=\"elementor-spacer\">\n\t\t\t<div class=\"elementor-spacer-inner\"><\/div>\n\t\t<\/div>\n\t\t\t\t\t\t<\/div>\n\t\t\t\t<\/div>\n\t\t\t\t<div class=\"elementor-element elementor-element-6447929a elementor-widget elementor-widget-heading\" data-id=\"6447929a\" data-element_type=\"widget\" data-e-type=\"widget\" data-widget_type=\"heading.default\">\n\t\t\t\t<div class=\"elementor-widget-container\">\n\t\t\t\t\t<h5 class=\"elementor-heading-title elementor-size-default\">Nuevos productos<\/h5>\t\t\t\t<\/div>\n\t\t\t\t<\/div>\n\t\t\t\t<div class=\"elementor-element elementor-element-1bc9c0c elementor-widget-divider--view-line elementor-widget elementor-widget-divider\" data-id=\"1bc9c0c\" data-element_type=\"widget\" data-e-type=\"widget\" data-widget_type=\"divider.default\">\n\t\t\t\t<div class=\"elementor-widget-container\">\n\t\t\t\t\t\t\t<div class=\"elementor-divider\">\n\t\t\t<span class=\"elementor-divider-separator\">\n\t\t\t\t\t\t<\/span>\n\t\t<\/div>\n\t\t\t\t\t\t<\/div>\n\t\t\t\t<\/div>\n\t\t\t\t<div class=\"elementor-element elementor-element-220ed575 elementor-cta--valign-bottom elementor-cta--skin-classic elementor-animated-content elementor-bg-transform elementor-bg-transform-zoom-in elementor-widget elementor-widget-call-to-action\" data-id=\"220ed575\" data-element_type=\"widget\" data-e-type=\"widget\" data-widget_type=\"call-to-action.default\">\n\t\t\t\t<div class=\"elementor-widget-container\">\n\t\t\t\t\t\t\t<a class=\"elementor-cta\" href=\"https:\/\/www.fabrezgroup.com\/home\/cleancity\/superficie\/#Lateral\">\n\t\t\t\t\t<div class=\"elementor-cta__bg-wrapper\">\n\t\t\t\t<div class=\"elementor-cta__bg elementor-bg\" style=\"background-image: url(https:\/\/www.fabrezgroup.com\/home\/wp-content\/uploads\/2022\/06\/NewProduct_EVA-768x640.jpg);\" role=\"img\" aria-label=\"Fabrez Group, Contenedor de superficie, Contenedores, Carga Lateral.\"><\/div>\n\t\t\t\t<div class=\"elementor-cta__bg-overlay\"><\/div>\n\t\t\t<\/div>\n\t\t\t\t\t\t\t<div class=\"elementor-cta__content\">\n\t\t\t\t\n\t\t\t\t\t\t\t\t\t<h2 class=\"elementor-cta__title elementor-cta__content-item elementor-content-item\">\n\t\t\t\t\t\tContenedor EVA\t\t\t\t\t<\/h2>\n\t\t\t\t\n\t\t\t\t\t\t\t\t\t<div class=\"elementor-cta__description elementor-cta__content-item elementor-content-item\">\n\t\t\t\t\t\tCarga Lateral\t\t\t\t\t<\/div>\n\t\t\t\t\n\t\t\t\t\t\t\t<\/div>\n\t\t\t\t\t\t<\/a>\n\t\t\t\t\t\t<\/div>\n\t\t\t\t<\/div>\n\t\t\t\t<div class=\"elementor-element elementor-element-223b2ad6 elementor-cta--valign-bottom elementor-cta--skin-classic elementor-animated-content elementor-bg-transform elementor-bg-transform-zoom-in elementor-widget elementor-widget-call-to-action\" data-id=\"223b2ad6\" data-element_type=\"widget\" data-e-type=\"widget\" data-widget_type=\"call-to-action.default\">\n\t\t\t\t<div class=\"elementor-widget-container\">\n\t\t\t\t\t\t\t<a class=\"elementor-cta\" href=\"https:\/\/www.fabrezgroup.com\/home\/ecomove\/carclean\/#Carclean\">\n\t\t\t\t\t<div class=\"elementor-cta__bg-wrapper\">\n\t\t\t\t<div class=\"elementor-cta__bg elementor-bg\" style=\"background-image: url(https:\/\/www.fabrezgroup.com\/home\/wp-content\/uploads\/2022\/06\/Carclean-1-768x480.jpg);\" role=\"img\" aria-label=\"Carclean (1)\"><\/div>\n\t\t\t\t<div class=\"elementor-cta__bg-overlay\"><\/div>\n\t\t\t<\/div>\n\t\t\t\t\t\t\t<div class=\"elementor-cta__content\">\n\t\t\t\t\n\t\t\t\t\t\t\t\t\t<h2 class=\"elementor-cta__title elementor-cta__content-item elementor-content-item\">\n\t\t\t\t\t\tCarclean\t\t\t\t\t<\/h2>\n\t\t\t\t\n\t\t\t\t\t\t\t\t\t<div class=\"elementor-cta__description elementor-cta__content-item elementor-content-item\">\n\t\t\t\t\t\tVeh\u00edculos El\u00e9ctricos\t\t\t\t\t<\/div>\n\t\t\t\t\n\t\t\t\t\t\t\t<\/div>\n\t\t\t\t\t\t<\/a>\n\t\t\t\t\t\t<\/div>\n\t\t\t\t<\/div>\n\t\t\t\t<div class=\"elementor-element elementor-element-3920b337 elementor-cta--valign-bottom elementor-cta--skin-classic elementor-animated-content elementor-bg-transform elementor-bg-transform-zoom-in elementor-widget elementor-widget-call-to-action\" data-id=\"3920b337\" data-element_type=\"widget\" data-e-type=\"widget\" data-widget_type=\"call-to-action.default\">\n\t\t\t\t<div class=\"elementor-widget-container\">\n\t\t\t\t\t\t\t<a class=\"elementor-cta\" href=\"https:\/\/www.fabrezgroup.com\/home\/cleancity\/cubre-contenedores\/#Qsmall\">\n\t\t\t\t\t<div class=\"elementor-cta__bg-wrapper\">\n\t\t\t\t<div class=\"elementor-cta__bg elementor-bg\" style=\"background-image: url(https:\/\/www.fabrezgroup.com\/home\/wp-content\/uploads\/2022\/06\/Cubrecontenedor-5-768x480.jpg);\" role=\"img\" aria-label=\"Cubrecontenedor (5)\"><\/div>\n\t\t\t\t<div class=\"elementor-cta__bg-overlay\"><\/div>\n\t\t\t<\/div>\n\t\t\t\t\t\t\t<div class=\"elementor-cta__content\">\n\t\t\t\t\n\t\t\t\t\t\t\t\t\t<h2 class=\"elementor-cta__title elementor-cta__content-item elementor-content-item\">\n\t\t\t\t\t\tQ-Small\t\t\t\t\t<\/h2>\n\t\t\t\t\n\t\t\t\t\t\t\t\t\t<div class=\"elementor-cta__description elementor-cta__content-item elementor-content-item\">\n\t\t\t\t\t\tCubre-Contenedor\t\t\t\t\t<\/div>\n\t\t\t\t\n\t\t\t\t\t\t\t<\/div>\n\t\t\t\t\t\t<\/a>\n\t\t\t\t\t\t<\/div>\n\t\t\t\t<\/div>\n\t\t\t\t<section class=\"elementor-section elementor-inner-section elementor-element elementor-element-c2bc03a elementor-section-boxed elementor-section-height-default elementor-section-height-default\" data-id=\"c2bc03a\" data-element_type=\"section\" data-e-type=\"section\" data-settings=\"{&quot;sticky&quot;:&quot;top&quot;,&quot;sticky_on&quot;:[&quot;desktop&quot;,&quot;laptop&quot;,&quot;tablet&quot;,&quot;mobile&quot;],&quot;sticky_offset&quot;:0,&quot;sticky_effects_offset&quot;:0,&quot;sticky_anchor_link_offset&quot;:0}\">\n\t\t\t\t\t\t<div class=\"elementor-container elementor-column-gap-default\">\n\t\t\t\t\t<div class=\"elementor-column elementor-col-100 elementor-inner-column elementor-element elementor-element-c48760e\" data-id=\"c48760e\" data-element_type=\"column\" data-e-type=\"column\">\n\t\t\t<div class=\"elementor-widget-wrap elementor-element-populated\">\n\t\t\t\t\t\t<div class=\"elementor-element elementor-element-36040ad9 elementor-widget elementor-widget-spacer\" data-id=\"36040ad9\" data-element_type=\"widget\" data-e-type=\"widget\" data-widget_type=\"spacer.default\">\n\t\t\t\t<div class=\"elementor-widget-container\">\n\t\t\t\t\t\t\t<div class=\"elementor-spacer\">\n\t\t\t<div class=\"elementor-spacer-inner\"><\/div>\n\t\t<\/div>\n\t\t\t\t\t\t<\/div>\n\t\t\t\t<\/div>\n\t\t\t\t<div class=\"elementor-element elementor-element-242d5fb4 elementor-widget elementor-widget-heading\" data-id=\"242d5fb4\" data-element_type=\"widget\" data-e-type=\"widget\" data-widget_type=\"heading.default\">\n\t\t\t\t<div class=\"elementor-widget-container\">\n\t\t\t\t\t<h5 class=\"elementor-heading-title elementor-size-default\">L\u00edneas de Negocio<\/h5>\t\t\t\t<\/div>\n\t\t\t\t<\/div>\n\t\t\t\t<div class=\"elementor-element elementor-element-7c31540d elementor-widget-divider--view-line elementor-widget elementor-widget-divider\" data-id=\"7c31540d\" data-element_type=\"widget\" data-e-type=\"widget\" data-widget_type=\"divider.default\">\n\t\t\t\t<div class=\"elementor-widget-container\">\n\t\t\t\t\t\t\t<div class=\"elementor-divider\">\n\t\t\t<span class=\"elementor-divider-separator\">\n\t\t\t\t\t\t<\/span>\n\t\t<\/div>\n\t\t\t\t\t\t<\/div>\n\t\t\t\t<\/div>\n\t\t\t\t<div class=\"elementor-element elementor-element-1ad67f10 elementor-cta--skin-cover elementor-cta--valign-middle elementor-animated-content elementor-bg-transform elementor-bg-transform-zoom-in elementor-widget elementor-widget-call-to-action\" data-id=\"1ad67f10\" data-element_type=\"widget\" data-e-type=\"widget\" data-widget_type=\"call-to-action.default\">\n\t\t\t\t<div class=\"elementor-widget-container\">\n\t\t\t\t\t\t\t<a class=\"elementor-cta\" href=\"https:\/\/www.fabrezgroup.com\/home\/cleancity\">\n\t\t\t\t\t<div class=\"elementor-cta__bg-wrapper\">\n\t\t\t\t<div class=\"elementor-cta__bg elementor-bg\" style=\"background-image: url();\" role=\"img\" aria-label=\"\"><\/div>\n\t\t\t\t<div class=\"elementor-cta__bg-overlay\"><\/div>\n\t\t\t<\/div>\n\t\t\t\t\t\t\t<div class=\"elementor-cta__content\">\n\t\t\t\t\t\t\t\t\t<div class=\"elementor-content-item elementor-cta__content-item elementor-cta__image elementor-animated-item--grow\">\n\t\t\t\t\t\t<img loading=\"lazy\" decoding=\"async\" width=\"768\" height=\"768\" src=\"https:\/\/www.fabrezgroup.com\/home\/wp-content\/uploads\/2022\/06\/Icon_Capacidad-768x768.png\" class=\"attachment-medium_large size-medium_large wp-image-876\" alt=\"\" srcset=\"https:\/\/www.fabrezgroup.com\/home\/wp-content\/uploads\/2022\/06\/Icon_Capacidad-768x768.png 768w, https:\/\/www.fabrezgroup.com\/home\/wp-content\/uploads\/2022\/06\/Icon_Capacidad-300x300.png 300w, https:\/\/www.fabrezgroup.com\/home\/wp-content\/uploads\/2022\/06\/Icon_Capacidad-150x150.png 150w, https:\/\/www.fabrezgroup.com\/home\/wp-content\/uploads\/2022\/06\/Icon_Capacidad.png 800w\" sizes=\"(max-width: 768px) 100vw, 768px\" \/>\t\t\t\t\t<\/div>\n\t\t\t\t\n\t\t\t\t\t\t\t\t\t<h2 class=\"elementor-cta__title elementor-cta__content-item elementor-content-item elementor-animated-item--grow\">\n\t\t\t\t\t\tcleancity\t\t\t\t\t<\/h2>\n\t\t\t\t\n\t\t\t\t\n\t\t\t\t\t\t\t<\/div>\n\t\t\t\t\t\t<\/a>\n\t\t\t\t\t\t<\/div>\n\t\t\t\t<\/div>\n\t\t\t\t<div class=\"elementor-element elementor-element-2696d010 elementor-cta--skin-cover elementor-cta--valign-middle elementor-animated-content elementor-bg-transform elementor-bg-transform-zoom-in elementor-widget elementor-widget-call-to-action\" data-id=\"2696d010\" data-element_type=\"widget\" data-e-type=\"widget\" data-widget_type=\"call-to-action.default\">\n\t\t\t\t<div class=\"elementor-widget-container\">\n\t\t\t\t\t\t\t<a class=\"elementor-cta\" href=\"https:\/\/www.fabrezgroup.com\/home\/ecomove\">\n\t\t\t\t\t<div class=\"elementor-cta__bg-wrapper\">\n\t\t\t\t<div class=\"elementor-cta__bg elementor-bg\" style=\"background-image: url();\" role=\"img\" aria-label=\"\"><\/div>\n\t\t\t\t<div class=\"elementor-cta__bg-overlay\"><\/div>\n\t\t\t<\/div>\n\t\t\t\t\t\t\t<div class=\"elementor-cta__content\">\n\t\t\t\t\t\t\t\t\t<div class=\"elementor-content-item elementor-cta__content-item elementor-cta__image elementor-animated-item--grow\">\n\t\t\t\t\t\t<img loading=\"lazy\" decoding=\"async\" width=\"768\" height=\"768\" src=\"https:\/\/www.fabrezgroup.com\/home\/wp-content\/uploads\/2022\/06\/Icon_maniobrable-768x768.png\" class=\"attachment-medium_large size-medium_large wp-image-1144\" alt=\"\" srcset=\"https:\/\/www.fabrezgroup.com\/home\/wp-content\/uploads\/2022\/06\/Icon_maniobrable-768x768.png 768w, https:\/\/www.fabrezgroup.com\/home\/wp-content\/uploads\/2022\/06\/Icon_maniobrable-300x300.png 300w, https:\/\/www.fabrezgroup.com\/home\/wp-content\/uploads\/2022\/06\/Icon_maniobrable-150x150.png 150w, https:\/\/www.fabrezgroup.com\/home\/wp-content\/uploads\/2022\/06\/Icon_maniobrable.png 800w\" sizes=\"(max-width: 768px) 100vw, 768px\" \/>\t\t\t\t\t<\/div>\n\t\t\t\t\n\t\t\t\t\t\t\t\t\t<h2 class=\"elementor-cta__title elementor-cta__content-item elementor-content-item elementor-animated-item--grow\">\n\t\t\t\t\t\tecomove\t\t\t\t\t<\/h2>\n\t\t\t\t\n\t\t\t\t\n\t\t\t\t\t\t\t<\/div>\n\t\t\t\t\t\t<\/a>\n\t\t\t\t\t\t<\/div>\n\t\t\t\t<\/div>\n\t\t\t\t<div class=\"elementor-element elementor-element-6626646e elementor-cta--skin-cover elementor-cta--valign-middle elementor-animated-content elementor-bg-transform elementor-bg-transform-zoom-in elementor-widget elementor-widget-call-to-action\" data-id=\"6626646e\" data-element_type=\"widget\" data-e-type=\"widget\" data-widget_type=\"call-to-action.default\">\n\t\t\t\t<div class=\"elementor-widget-container\">\n\t\t\t\t\t\t\t<a class=\"elementor-cta\" href=\"https:\/\/www.fabrezgroup.com\/home\/transformados-metalicos\/\">\n\t\t\t\t\t<div class=\"elementor-cta__bg-wrapper\">\n\t\t\t\t<div class=\"elementor-cta__bg elementor-bg\" style=\"background-image: url();\" role=\"img\" aria-label=\"\"><\/div>\n\t\t\t\t<div class=\"elementor-cta__bg-overlay\"><\/div>\n\t\t\t<\/div>\n\t\t\t\t\t\t\t<div class=\"elementor-cta__content\">\n\t\t\t\t\t\t\t\t\t<div class=\"elementor-content-item elementor-cta__content-item elementor-cta__image elementor-animated-item--grow\">\n\t\t\t\t\t\t<img loading=\"lazy\" decoding=\"async\" width=\"768\" height=\"768\" src=\"https:\/\/www.fabrezgroup.com\/home\/wp-content\/uploads\/2022\/06\/Icon_Lineas_Trans-768x768.png\" class=\"attachment-medium_large size-medium_large wp-image-134\" alt=\"\" srcset=\"https:\/\/www.fabrezgroup.com\/home\/wp-content\/uploads\/2022\/06\/Icon_Lineas_Trans-768x768.png 768w, https:\/\/www.fabrezgroup.com\/home\/wp-content\/uploads\/2022\/06\/Icon_Lineas_Trans-300x300.png 300w, https:\/\/www.fabrezgroup.com\/home\/wp-content\/uploads\/2022\/06\/Icon_Lineas_Trans-1024x1024.png 1024w, https:\/\/www.fabrezgroup.com\/home\/wp-content\/uploads\/2022\/06\/Icon_Lineas_Trans-150x150.png 150w, https:\/\/www.fabrezgroup.com\/home\/wp-content\/uploads\/2022\/06\/Icon_Lineas_Trans.png 1100w\" sizes=\"(max-width: 768px) 100vw, 768px\" \/>\t\t\t\t\t<\/div>\n\t\t\t\t\n\t\t\t\t\t\t\t\t\t<h2 class=\"elementor-cta__title elementor-cta__content-item elementor-content-item elementor-animated-item--grow\">\n\t\t\t\t\t\tmetalfab\t\t\t\t\t<\/h2>\n\t\t\t\t\n\t\t\t\t\n\t\t\t\t\t\t\t<\/div>\n\t\t\t\t\t\t<\/a>\n\t\t\t\t\t\t<\/div>\n\t\t\t\t<\/div>\n\t\t\t\t<div class=\"elementor-element elementor-element-51b28f77 elementor-cta--skin-cover elementor-cta--valign-middle elementor-animated-content elementor-bg-transform elementor-bg-transform-zoom-in elementor-widget elementor-widget-call-to-action\" data-id=\"51b28f77\" data-element_type=\"widget\" data-e-type=\"widget\" data-widget_type=\"call-to-action.default\">\n\t\t\t\t<div class=\"elementor-widget-container\">\n\t\t\t\t\t\t\t<a class=\"elementor-cta\" href=\"https:\/\/www.fabrezgroup.com\/home\/agrifab\">\n\t\t\t\t\t<div class=\"elementor-cta__bg-wrapper\">\n\t\t\t\t<div class=\"elementor-cta__bg elementor-bg\" style=\"background-image: url();\" role=\"img\" aria-label=\"\"><\/div>\n\t\t\t\t<div class=\"elementor-cta__bg-overlay\"><\/div>\n\t\t\t<\/div>\n\t\t\t\t\t\t\t<div class=\"elementor-cta__content\">\n\t\t\t\t\t\t\t\t\t<div class=\"elementor-content-item elementor-cta__content-item elementor-cta__image elementor-animated-item--grow\">\n\t\t\t\t\t\t<img loading=\"lazy\" decoding=\"async\" width=\"768\" height=\"768\" src=\"https:\/\/www.fabrezgroup.com\/home\/wp-content\/uploads\/2022\/06\/Icon_Lineas_Riego-768x768.png\" class=\"attachment-medium_large size-medium_large wp-image-133\" alt=\"\" srcset=\"https:\/\/www.fabrezgroup.com\/home\/wp-content\/uploads\/2022\/06\/Icon_Lineas_Riego-768x768.png 768w, https:\/\/www.fabrezgroup.com\/home\/wp-content\/uploads\/2022\/06\/Icon_Lineas_Riego-300x300.png 300w, https:\/\/www.fabrezgroup.com\/home\/wp-content\/uploads\/2022\/06\/Icon_Lineas_Riego-1024x1024.png 1024w, https:\/\/www.fabrezgroup.com\/home\/wp-content\/uploads\/2022\/06\/Icon_Lineas_Riego-150x150.png 150w, https:\/\/www.fabrezgroup.com\/home\/wp-content\/uploads\/2022\/06\/Icon_Lineas_Riego.png 1100w\" sizes=\"(max-width: 768px) 100vw, 768px\" \/>\t\t\t\t\t<\/div>\n\t\t\t\t\n\t\t\t\t\t\t\t\t\t<h2 class=\"elementor-cta__title elementor-cta__content-item elementor-content-item elementor-animated-item--grow\">\n\t\t\t\t\t\tagrifab\t\t\t\t\t<\/h2>\n\t\t\t\t\n\t\t\t\t\n\t\t\t\t\t\t\t<\/div>\n\t\t\t\t\t\t<\/a>\n\t\t\t\t\t\t<\/div>\n\t\t\t\t<\/div>\n\t\t\t\t<div class=\"elementor-element elementor-element-628cfb2 elementor-widget elementor-widget-spacer\" data-id=\"628cfb2\" data-element_type=\"widget\" data-e-type=\"widget\" data-widget_type=\"spacer.default\">\n\t\t\t\t<div class=\"elementor-widget-container\">\n\t\t\t\t\t\t\t<div class=\"elementor-spacer\">\n\t\t\t<div class=\"elementor-spacer-inner\"><\/div>\n\t\t<\/div>\n\t\t\t\t\t\t<\/div>\n\t\t\t\t<\/div>\n\t\t\t\t\t<\/div>\n\t\t<\/div>\n\t\t\t\t\t<\/div>\n\t\t<\/section>\n\t\t\t\t\t<\/div>\n\t\t<\/div>\n\t\t\t\t\t<\/div>\n\t\t<\/section>\n\t\t\t\t<\/div>\n\t\t<\/div>\n\t\t\t\t\t\t<\/div>\n\t\t\t\t<\/div>\n\t\t\t\t\t<\/div>\n\t\t<\/div>\n\t\t\t\t\t<\/div>\n\t\t<\/section>\n\t\t\t\t<\/div>\n\t\t","protected":false},"excerpt":{"rendered":"<p>NOTICIAS DESTACADAS Benidorm transforma su paseo m\u00e1s emblem\u00e1tico con la nueva Papelera Eterna. La Papelera Eterna mejora la limpieza, reduce costes y transforma la imagen<\/p>\n","protected":false},"author":1,"featured_media":16117,"comment_status":"closed","ping_status":"closed","sticky":false,"template":"","format":"standard","meta":{"_monsterinsights_skip_tracking":false,"_monsterinsights_sitenote_active":false,"_monsterinsights_sitenote_note":"","_monsterinsights_sitenote_category":0,"site-sidebar-layout":"default","site-content-layout":"default","ast-site-content-layout":"default","site-content-style":"default","site-sidebar-style":"default","ast-global-header-display":"","ast-banner-title-visibility":"","ast-main-header-display":"","ast-hfb-above-header-display":"","ast-hfb-below-header-display":"","ast-hfb-mobile-header-display":"","site-post-title":"","ast-breadcrumbs-content":"","ast-featured-img":"disabled","footer-sml-layout":"","ast-disable-related-posts":"","theme-transparent-header-meta":"","adv-header-id-meta":"","stick-header-meta":"","header-above-stick-meta":"","header-main-stick-meta":"","header-below-stick-meta":"","astra-migrate-meta-layouts":"set","ast-page-background-enabled":"default","ast-page-background-meta":{"desktop":{"background-color":"var(--ast-global-color-4)","background-image":"","background-repeat":"repeat","background-position":"center center","background-size":"auto","background-attachment":"scroll","background-type":"","background-media":"","overlay-type":"","overlay-color":"","overlay-opacity":"","overlay-gradient":""},"tablet":{"background-color":"","background-image":"","background-repeat":"repeat","background-position":"center center","background-size":"auto","background-attachment":"scroll","background-type":"","background-media":"","overlay-type":"","overlay-color":"","overlay-opacity":"","overlay-gradient":""},"mobile":{"background-color":"","background-image":"","background-repeat":"repeat","background-position":"center center","background-size":"auto","background-attachment":"scroll","background-type":"","background-media":"","overlay-type":"","overlay-color":"","overlay-opacity":"","overlay-gradient":""}},"ast-content-background-meta":{"desktop":{"background-color":"var(--ast-global-color-5)","background-image":"","background-repeat":"repeat","background-position":"center center","background-size":"auto","background-attachment":"scroll","background-type":"","background-media":"","overlay-type":"","overlay-color":"","overlay-opacity":"","overlay-gradient":""},"tablet":{"background-color":"var(--ast-global-color-5)","background-image":"","background-repeat":"repeat","background-position":"center center","background-size":"auto","background-attachment":"scroll","background-type":"","background-media":"","overlay-type":"","overlay-color":"","overlay-opacity":"","overlay-gradient":""},"mobile":{"background-color":"var(--ast-global-color-5)","background-image":"","background-repeat":"repeat","background-position":"center center","background-size":"auto","background-attachment":"scroll","background-type":"","background-media":"","overlay-type":"","overlay-color":"","overlay-opacity":"","overlay-gradient":""}},"_jetpack_memberships_contains_paid_content":false,"footnotes":""},"categories":[14,24,20],"tags":[92,36,99,35,107,68],"class_list":["post-16111","post","type-post","status-publish","format-standard","has-post-thumbnail","hentry","category-cleancity","category-grupo-fabrez","category-mobiliario-urbano","tag-benidorm","tag-cleancity","tag-fabrez","tag-fabrez-group","tag-papelera-eterna","tag-papeleras"],"yoast_head":"<!-- This site is optimized with the Yoast SEO Premium plugin v23.4 (Yoast SEO v27.4) - https:\/\/yoast.com\/product\/yoast-seo-premium-wordpress\/ -->\n<title>Benidorm renueva el paseo mar\u00edtimo con la Papelera Eterna<\/title>\n<meta name=\"description\" content=\"Benidorm moderniza el Paseo de Levante con la Papelera Eterna de Fabrez: Gran Capacidad, Antivand\u00e1lica y eficienciente.\" \/>\n<meta name=\"robots\" content=\"index, follow, max-snippet:-1, max-image-preview:large, max-video-preview:-1\" \/>\n<link rel=\"canonical\" href=\"https:\/\/www.fabrezgroup.com\/home\/grupo-fabrez\/benidorm-renueva-el-maritimo-con-la-innovadora-papelera-eterna\/\" \/>\n<meta property=\"og:locale\" content=\"es_ES\" \/>\n<meta property=\"og:type\" content=\"article\" \/>\n<meta property=\"og:title\" content=\"Benidorm renueva el paseo mar\u00edtimo con la Papelera Eterna\" \/>\n<meta property=\"og:description\" content=\"Benidorm moderniza el Paseo de Levante con la Papelera Eterna de Fabrez: Gran Capacidad, Antivand\u00e1lica y eficienciente.\" \/>\n<meta property=\"og:url\" content=\"https:\/\/www.fabrezgroup.com\/home\/grupo-fabrez\/benidorm-renueva-el-maritimo-con-la-innovadora-papelera-eterna\/\" \/>\n<meta property=\"og:site_name\" content=\"Fabrez Group\" \/>\n<meta property=\"article:publisher\" content=\"https:\/\/www.facebook.com\/fabrez.group\/\" \/>\n<meta property=\"article:published_time\" content=\"2025-04-11T06:00:21+00:00\" \/>\n<meta property=\"article:modified_time\" content=\"2025-07-07T10:19:25+00:00\" \/>\n<meta property=\"og:image\" content=\"https:\/\/www.fabrezgroup.com\/home\/wp-content\/uploads\/2025\/04\/Papelera-Eterna.webp\" \/>\n\t<meta property=\"og:image:width\" content=\"800\" \/>\n\t<meta property=\"og:image:height\" content=\"519\" \/>\n\t<meta property=\"og:image:type\" content=\"image\/webp\" \/>\n<meta name=\"author\" content=\"admin\" \/>\n<meta name=\"twitter:card\" content=\"summary_large_image\" \/>\n<meta name=\"twitter:label1\" content=\"Escrito por\" \/>\n\t<meta name=\"twitter:data1\" content=\"admin\" \/>\n\t<meta name=\"twitter:label2\" content=\"Tiempo de lectura\" \/>\n\t<meta name=\"twitter:data2\" content=\"3 minutos\" \/>\n<script type=\"application\/ld+json\" class=\"yoast-schema-graph\">{\"@context\":\"https:\\\/\\\/schema.org\",\"@graph\":[{\"@type\":\"Article\",\"@id\":\"https:\\\/\\\/www.fabrezgroup.com\\\/home\\\/grupo-fabrez\\\/benidorm-renueva-el-maritimo-con-la-innovadora-papelera-eterna\\\/#article\",\"isPartOf\":{\"@id\":\"https:\\\/\\\/www.fabrezgroup.com\\\/home\\\/grupo-fabrez\\\/benidorm-renueva-el-maritimo-con-la-innovadora-papelera-eterna\\\/\"},\"author\":{\"name\":\"admin\",\"@id\":\"https:\\\/\\\/www.fabrezgroup.com\\\/home\\\/#\\\/schema\\\/person\\\/6ae0b358a557f626e4ad67c02add53bd\"},\"headline\":\"Benidorm renueva el paseo mar\u00edtimo con la Papelera Eterna\",\"datePublished\":\"2025-04-11T06:00:21+00:00\",\"dateModified\":\"2025-07-07T10:19:25+00:00\",\"mainEntityOfPage\":{\"@id\":\"https:\\\/\\\/www.fabrezgroup.com\\\/home\\\/grupo-fabrez\\\/benidorm-renueva-el-maritimo-con-la-innovadora-papelera-eterna\\\/\"},\"wordCount\":454,\"publisher\":{\"@id\":\"https:\\\/\\\/www.fabrezgroup.com\\\/home\\\/#organization\"},\"image\":{\"@id\":\"https:\\\/\\\/www.fabrezgroup.com\\\/home\\\/grupo-fabrez\\\/benidorm-renueva-el-maritimo-con-la-innovadora-papelera-eterna\\\/#primaryimage\"},\"thumbnailUrl\":\"https:\\\/\\\/www.fabrezgroup.com\\\/home\\\/wp-content\\\/uploads\\\/2025\\\/04\\\/Papelera-Eterna.webp\",\"keywords\":[\"Benidorm\",\"Cleancity\",\"Fabrez\",\"Fabrez Group\",\"Papelera Eterna\",\"Papeleras\"],\"articleSection\":[\"CLEANCITY\",\"GRUPO FABREZ\",\"MOBILIARIO URBANO\"],\"inLanguage\":\"es\"},{\"@type\":\"WebPage\",\"@id\":\"https:\\\/\\\/www.fabrezgroup.com\\\/home\\\/grupo-fabrez\\\/benidorm-renueva-el-maritimo-con-la-innovadora-papelera-eterna\\\/\",\"url\":\"https:\\\/\\\/www.fabrezgroup.com\\\/home\\\/grupo-fabrez\\\/benidorm-renueva-el-maritimo-con-la-innovadora-papelera-eterna\\\/\",\"name\":\"Benidorm renueva el paseo mar\u00edtimo con la Papelera Eterna\",\"isPartOf\":{\"@id\":\"https:\\\/\\\/www.fabrezgroup.com\\\/home\\\/#website\"},\"primaryImageOfPage\":{\"@id\":\"https:\\\/\\\/www.fabrezgroup.com\\\/home\\\/grupo-fabrez\\\/benidorm-renueva-el-maritimo-con-la-innovadora-papelera-eterna\\\/#primaryimage\"},\"image\":{\"@id\":\"https:\\\/\\\/www.fabrezgroup.com\\\/home\\\/grupo-fabrez\\\/benidorm-renueva-el-maritimo-con-la-innovadora-papelera-eterna\\\/#primaryimage\"},\"thumbnailUrl\":\"https:\\\/\\\/www.fabrezgroup.com\\\/home\\\/wp-content\\\/uploads\\\/2025\\\/04\\\/Papelera-Eterna.webp\",\"datePublished\":\"2025-04-11T06:00:21+00:00\",\"dateModified\":\"2025-07-07T10:19:25+00:00\",\"description\":\"Benidorm moderniza el Paseo de Levante con la Papelera Eterna de Fabrez: Gran Capacidad, Antivand\u00e1lica y eficienciente.\",\"breadcrumb\":{\"@id\":\"https:\\\/\\\/www.fabrezgroup.com\\\/home\\\/grupo-fabrez\\\/benidorm-renueva-el-maritimo-con-la-innovadora-papelera-eterna\\\/#breadcrumb\"},\"inLanguage\":\"es\",\"potentialAction\":[{\"@type\":\"ReadAction\",\"target\":[\"https:\\\/\\\/www.fabrezgroup.com\\\/home\\\/grupo-fabrez\\\/benidorm-renueva-el-maritimo-con-la-innovadora-papelera-eterna\\\/\"]}]},{\"@type\":\"ImageObject\",\"inLanguage\":\"es\",\"@id\":\"https:\\\/\\\/www.fabrezgroup.com\\\/home\\\/grupo-fabrez\\\/benidorm-renueva-el-maritimo-con-la-innovadora-papelera-eterna\\\/#primaryimage\",\"url\":\"https:\\\/\\\/www.fabrezgroup.com\\\/home\\\/wp-content\\\/uploads\\\/2025\\\/04\\\/Papelera-Eterna.webp\",\"contentUrl\":\"https:\\\/\\\/www.fabrezgroup.com\\\/home\\\/wp-content\\\/uploads\\\/2025\\\/04\\\/Papelera-Eterna.webp\",\"width\":800,\"height\":519,\"caption\":\"Papelera Eterna Fabrez\"},{\"@type\":\"BreadcrumbList\",\"@id\":\"https:\\\/\\\/www.fabrezgroup.com\\\/home\\\/grupo-fabrez\\\/benidorm-renueva-el-maritimo-con-la-innovadora-papelera-eterna\\\/#breadcrumb\",\"itemListElement\":[{\"@type\":\"ListItem\",\"position\":1,\"name\":\"Portada\",\"item\":\"https:\\\/\\\/www.fabrezgroup.com\\\/home\\\/\"},{\"@type\":\"ListItem\",\"position\":2,\"name\":\"Benidorm renueva el paseo mar\u00edtimo con la Papelera Eterna\"}]},{\"@type\":\"WebSite\",\"@id\":\"https:\\\/\\\/www.fabrezgroup.com\\\/home\\\/#website\",\"url\":\"https:\\\/\\\/www.fabrezgroup.com\\\/home\\\/\",\"name\":\"Fabrez Group\",\"description\":\"M\u00e1s de 30 a\u00f1os Aportando Soluciones\",\"publisher\":{\"@id\":\"https:\\\/\\\/www.fabrezgroup.com\\\/home\\\/#organization\"},\"alternateName\":\"Fabrez\",\"potentialAction\":[{\"@type\":\"SearchAction\",\"target\":{\"@type\":\"EntryPoint\",\"urlTemplate\":\"https:\\\/\\\/www.fabrezgroup.com\\\/home\\\/?s={search_term_string}\"},\"query-input\":{\"@type\":\"PropertyValueSpecification\",\"valueRequired\":true,\"valueName\":\"search_term_string\"}}],\"inLanguage\":\"es\"},{\"@type\":\"Organization\",\"@id\":\"https:\\\/\\\/www.fabrezgroup.com\\\/home\\\/#organization\",\"name\":\"Fabrez Group\",\"url\":\"https:\\\/\\\/www.fabrezgroup.com\\\/home\\\/\",\"logo\":{\"@type\":\"ImageObject\",\"inLanguage\":\"es\",\"@id\":\"https:\\\/\\\/www.fabrezgroup.com\\\/home\\\/#\\\/schema\\\/logo\\\/image\\\/\",\"url\":\"https:\\\/\\\/www.fabrezgroup.com\\\/home\\\/wp-content\\\/uploads\\\/2023\\\/12\\\/cropped-Icon-Fabrez-Group.png\",\"contentUrl\":\"https:\\\/\\\/www.fabrezgroup.com\\\/home\\\/wp-content\\\/uploads\\\/2023\\\/12\\\/cropped-Icon-Fabrez-Group.png\",\"width\":512,\"height\":512,\"caption\":\"Fabrez Group\"},\"image\":{\"@id\":\"https:\\\/\\\/www.fabrezgroup.com\\\/home\\\/#\\\/schema\\\/logo\\\/image\\\/\"},\"sameAs\":[\"https:\\\/\\\/www.facebook.com\\\/fabrez.group\\\/\",\"https:\\\/\\\/www.linkedin.com\\\/company\\\/fabrez-group\\\/\",\"https:\\\/\\\/www.instagram.com\\\/fabrez_group\\\/\",\"https:\\\/\\\/www.youtube.com\\\/@fabrezgroup\"]},{\"@type\":\"Person\",\"@id\":\"https:\\\/\\\/www.fabrezgroup.com\\\/home\\\/#\\\/schema\\\/person\\\/6ae0b358a557f626e4ad67c02add53bd\",\"name\":\"admin\",\"image\":{\"@type\":\"ImageObject\",\"inLanguage\":\"es\",\"@id\":\"https:\\\/\\\/secure.gravatar.com\\\/avatar\\\/b51cb1c270f8412d81d4d4e54b7410cf895e10146d879d6b093d7a91ee00a403?s=96&d=mm&r=g\",\"url\":\"https:\\\/\\\/secure.gravatar.com\\\/avatar\\\/b51cb1c270f8412d81d4d4e54b7410cf895e10146d879d6b093d7a91ee00a403?s=96&d=mm&r=g\",\"contentUrl\":\"https:\\\/\\\/secure.gravatar.com\\\/avatar\\\/b51cb1c270f8412d81d4d4e54b7410cf895e10146d879d6b093d7a91ee00a403?s=96&d=mm&r=g\",\"caption\":\"admin\"},\"sameAs\":[\"https:\\\/\\\/www.fabrezgroup.com\\\/home\"],\"url\":\"https:\\\/\\\/www.fabrezgroup.com\\\/home\\\/author\\\/admin\\\/\"}]}<\/script>\n<!-- \/ Yoast SEO Premium plugin. -->","yoast_head_json":{"title":"Benidorm renueva el paseo mar\u00edtimo con la Papelera Eterna","description":"Benidorm moderniza el Paseo de Levante con la Papelera Eterna de Fabrez: Gran Capacidad, Antivand\u00e1lica y eficienciente.","robots":{"index":"index","follow":"follow","max-snippet":"max-snippet:-1","max-image-preview":"max-image-preview:large","max-video-preview":"max-video-preview:-1"},"canonical":"https:\/\/www.fabrezgroup.com\/home\/grupo-fabrez\/benidorm-renueva-el-maritimo-con-la-innovadora-papelera-eterna\/","og_locale":"es_ES","og_type":"article","og_title":"Benidorm renueva el paseo mar\u00edtimo con la Papelera Eterna","og_description":"Benidorm moderniza el Paseo de Levante con la Papelera Eterna de Fabrez: Gran Capacidad, Antivand\u00e1lica y eficienciente.","og_url":"https:\/\/www.fabrezgroup.com\/home\/grupo-fabrez\/benidorm-renueva-el-maritimo-con-la-innovadora-papelera-eterna\/","og_site_name":"Fabrez Group","article_publisher":"https:\/\/www.facebook.com\/fabrez.group\/","article_published_time":"2025-04-11T06:00:21+00:00","article_modified_time":"2025-07-07T10:19:25+00:00","og_image":[{"width":800,"height":519,"url":"https:\/\/www.fabrezgroup.com\/home\/wp-content\/uploads\/2025\/04\/Papelera-Eterna.webp","type":"image\/webp"}],"author":"admin","twitter_card":"summary_large_image","twitter_misc":{"Escrito por":"admin","Tiempo de lectura":"3 minutos"},"schema":{"@context":"https:\/\/schema.org","@graph":[{"@type":"Article","@id":"https:\/\/www.fabrezgroup.com\/home\/grupo-fabrez\/benidorm-renueva-el-maritimo-con-la-innovadora-papelera-eterna\/#article","isPartOf":{"@id":"https:\/\/www.fabrezgroup.com\/home\/grupo-fabrez\/benidorm-renueva-el-maritimo-con-la-innovadora-papelera-eterna\/"},"author":{"name":"admin","@id":"https:\/\/www.fabrezgroup.com\/home\/#\/schema\/person\/6ae0b358a557f626e4ad67c02add53bd"},"headline":"Benidorm renueva el paseo mar\u00edtimo con la Papelera Eterna","datePublished":"2025-04-11T06:00:21+00:00","dateModified":"2025-07-07T10:19:25+00:00","mainEntityOfPage":{"@id":"https:\/\/www.fabrezgroup.com\/home\/grupo-fabrez\/benidorm-renueva-el-maritimo-con-la-innovadora-papelera-eterna\/"},"wordCount":454,"publisher":{"@id":"https:\/\/www.fabrezgroup.com\/home\/#organization"},"image":{"@id":"https:\/\/www.fabrezgroup.com\/home\/grupo-fabrez\/benidorm-renueva-el-maritimo-con-la-innovadora-papelera-eterna\/#primaryimage"},"thumbnailUrl":"https:\/\/www.fabrezgroup.com\/home\/wp-content\/uploads\/2025\/04\/Papelera-Eterna.webp","keywords":["Benidorm","Cleancity","Fabrez","Fabrez Group","Papelera Eterna","Papeleras"],"articleSection":["CLEANCITY","GRUPO FABREZ","MOBILIARIO URBANO"],"inLanguage":"es"},{"@type":"WebPage","@id":"https:\/\/www.fabrezgroup.com\/home\/grupo-fabrez\/benidorm-renueva-el-maritimo-con-la-innovadora-papelera-eterna\/","url":"https:\/\/www.fabrezgroup.com\/home\/grupo-fabrez\/benidorm-renueva-el-maritimo-con-la-innovadora-papelera-eterna\/","name":"Benidorm renueva el paseo mar\u00edtimo con la Papelera Eterna","isPartOf":{"@id":"https:\/\/www.fabrezgroup.com\/home\/#website"},"primaryImageOfPage":{"@id":"https:\/\/www.fabrezgroup.com\/home\/grupo-fabrez\/benidorm-renueva-el-maritimo-con-la-innovadora-papelera-eterna\/#primaryimage"},"image":{"@id":"https:\/\/www.fabrezgroup.com\/home\/grupo-fabrez\/benidorm-renueva-el-maritimo-con-la-innovadora-papelera-eterna\/#primaryimage"},"thumbnailUrl":"https:\/\/www.fabrezgroup.com\/home\/wp-content\/uploads\/2025\/04\/Papelera-Eterna.webp","datePublished":"2025-04-11T06:00:21+00:00","dateModified":"2025-07-07T10:19:25+00:00","description":"Benidorm moderniza el Paseo de Levante con la Papelera Eterna de Fabrez: Gran Capacidad, Antivand\u00e1lica y eficienciente.","breadcrumb":{"@id":"https:\/\/www.fabrezgroup.com\/home\/grupo-fabrez\/benidorm-renueva-el-maritimo-con-la-innovadora-papelera-eterna\/#breadcrumb"},"inLanguage":"es","potentialAction":[{"@type":"ReadAction","target":["https:\/\/www.fabrezgroup.com\/home\/grupo-fabrez\/benidorm-renueva-el-maritimo-con-la-innovadora-papelera-eterna\/"]}]},{"@type":"ImageObject","inLanguage":"es","@id":"https:\/\/www.fabrezgroup.com\/home\/grupo-fabrez\/benidorm-renueva-el-maritimo-con-la-innovadora-papelera-eterna\/#primaryimage","url":"https:\/\/www.fabrezgroup.com\/home\/wp-content\/uploads\/2025\/04\/Papelera-Eterna.webp","contentUrl":"https:\/\/www.fabrezgroup.com\/home\/wp-content\/uploads\/2025\/04\/Papelera-Eterna.webp","width":800,"height":519,"caption":"Papelera Eterna Fabrez"},{"@type":"BreadcrumbList","@id":"https:\/\/www.fabrezgroup.com\/home\/grupo-fabrez\/benidorm-renueva-el-maritimo-con-la-innovadora-papelera-eterna\/#breadcrumb","itemListElement":[{"@type":"ListItem","position":1,"name":"Portada","item":"https:\/\/www.fabrezgroup.com\/home\/"},{"@type":"ListItem","position":2,"name":"Benidorm renueva el paseo mar\u00edtimo con la Papelera Eterna"}]},{"@type":"WebSite","@id":"https:\/\/www.fabrezgroup.com\/home\/#website","url":"https:\/\/www.fabrezgroup.com\/home\/","name":"Fabrez Group","description":"M\u00e1s de 30 a\u00f1os Aportando Soluciones","publisher":{"@id":"https:\/\/www.fabrezgroup.com\/home\/#organization"},"alternateName":"Fabrez","potentialAction":[{"@type":"SearchAction","target":{"@type":"EntryPoint","urlTemplate":"https:\/\/www.fabrezgroup.com\/home\/?s={search_term_string}"},"query-input":{"@type":"PropertyValueSpecification","valueRequired":true,"valueName":"search_term_string"}}],"inLanguage":"es"},{"@type":"Organization","@id":"https:\/\/www.fabrezgroup.com\/home\/#organization","name":"Fabrez Group","url":"https:\/\/www.fabrezgroup.com\/home\/","logo":{"@type":"ImageObject","inLanguage":"es","@id":"https:\/\/www.fabrezgroup.com\/home\/#\/schema\/logo\/image\/","url":"https:\/\/www.fabrezgroup.com\/home\/wp-content\/uploads\/2023\/12\/cropped-Icon-Fabrez-Group.png","contentUrl":"https:\/\/www.fabrezgroup.com\/home\/wp-content\/uploads\/2023\/12\/cropped-Icon-Fabrez-Group.png","width":512,"height":512,"caption":"Fabrez Group"},"image":{"@id":"https:\/\/www.fabrezgroup.com\/home\/#\/schema\/logo\/image\/"},"sameAs":["https:\/\/www.facebook.com\/fabrez.group\/","https:\/\/www.linkedin.com\/company\/fabrez-group\/","https:\/\/www.instagram.com\/fabrez_group\/","https:\/\/www.youtube.com\/@fabrezgroup"]},{"@type":"Person","@id":"https:\/\/www.fabrezgroup.com\/home\/#\/schema\/person\/6ae0b358a557f626e4ad67c02add53bd","name":"admin","image":{"@type":"ImageObject","inLanguage":"es","@id":"https:\/\/secure.gravatar.com\/avatar\/b51cb1c270f8412d81d4d4e54b7410cf895e10146d879d6b093d7a91ee00a403?s=96&d=mm&r=g","url":"https:\/\/secure.gravatar.com\/avatar\/b51cb1c270f8412d81d4d4e54b7410cf895e10146d879d6b093d7a91ee00a403?s=96&d=mm&r=g","contentUrl":"https:\/\/secure.gravatar.com\/avatar\/b51cb1c270f8412d81d4d4e54b7410cf895e10146d879d6b093d7a91ee00a403?s=96&d=mm&r=g","caption":"admin"},"sameAs":["https:\/\/www.fabrezgroup.com\/home"],"url":"https:\/\/www.fabrezgroup.com\/home\/author\/admin\/"}]}},"jetpack_featured_media_url":"https:\/\/www.fabrezgroup.com\/home\/wp-content\/uploads\/2025\/04\/Papelera-Eterna.webp","jetpack_sharing_enabled":true,"_links":{"self":[{"href":"https:\/\/www.fabrezgroup.com\/home\/wp-json\/wp\/v2\/posts\/16111","targetHints":{"allow":["GET"]}}],"collection":[{"href":"https:\/\/www.fabrezgroup.com\/home\/wp-json\/wp\/v2\/posts"}],"about":[{"href":"https:\/\/www.fabrezgroup.com\/home\/wp-json\/wp\/v2\/types\/post"}],"author":[{"embeddable":true,"href":"https:\/\/www.fabrezgroup.com\/home\/wp-json\/wp\/v2\/users\/1"}],"replies":[{"embeddable":true,"href":"https:\/\/www.fabrezgroup.com\/home\/wp-json\/wp\/v2\/comments?post=16111"}],"version-history":[{"count":12,"href":"https:\/\/www.fabrezgroup.com\/home\/wp-json\/wp\/v2\/posts\/16111\/revisions"}],"predecessor-version":[{"id":16272,"href":"https:\/\/www.fabrezgroup.com\/home\/wp-json\/wp\/v2\/posts\/16111\/revisions\/16272"}],"wp:featuredmedia":[{"embeddable":true,"href":"https:\/\/www.fabrezgroup.com\/home\/wp-json\/wp\/v2\/media\/16117"}],"wp:attachment":[{"href":"https:\/\/www.fabrezgroup.com\/home\/wp-json\/wp\/v2\/media?parent=16111"}],"wp:term":[{"taxonomy":"category","embeddable":true,"href":"https:\/\/www.fabrezgroup.com\/home\/wp-json\/wp\/v2\/categories?post=16111"},{"taxonomy":"post_tag","embeddable":true,"href":"https:\/\/www.fabrezgroup.com\/home\/wp-json\/wp\/v2\/tags?post=16111"}],"curies":[{"name":"wp","href":"https:\/\/api.w.org\/{rel}","templated":true}]}}