{"id":16299,"date":"2025-09-30T06:00:53","date_gmt":"2025-09-30T06:00:53","guid":{"rendered":"https:\/\/www.fabrezgroup.com\/home\/?p=16299"},"modified":"2025-10-07T11:59:36","modified_gmt":"2025-10-07T11:59:36","slug":"benalmadena-instala-400-contenedores-soterrados","status":"publish","type":"post","link":"https:\/\/www.fabrezgroup.com\/home\/grupo-fabrez\/benalmadena-instala-400-contenedores-soterrados\/","title":{"rendered":"Benalm\u00e1dena instala 400 contenedores soterrados"},"content":{"rendered":"\t\t<div data-elementor-type=\"wp-post\" data-elementor-id=\"16299\" class=\"elementor elementor-16299\" data-elementor-post-type=\"post\">\n\t\t\t\t\t\t<section class=\"elementor-section elementor-top-section elementor-element elementor-element-a7470a8 elementor-section-full_width elementor-section-height-min-height elementor-section-items-bottom elementor-section-stretched elementor-section-height-default\" data-id=\"a7470a8\" data-element_type=\"section\" data-e-type=\"section\" data-settings=\"{&quot;stretch_section&quot;:&quot;section-stretched&quot;,&quot;shape_divider_bottom&quot;:&quot;curve&quot;,&quot;shape_divider_bottom_negative&quot;:&quot;yes&quot;}\">\n\t\t\t\t\t\t\t<div class=\"elementor-background-overlay\"><\/div>\n\t\t\t\t\t\t<div class=\"elementor-shape elementor-shape-bottom\" aria-hidden=\"true\" data-negative=\"true\">\n\t\t\t<svg xmlns=\"http:\/\/www.w3.org\/2000\/svg\" viewBox=\"0 0 1000 100\" preserveAspectRatio=\"none\">\n\t<path class=\"elementor-shape-fill\" d=\"M500,97C126.7,96.3,0.8,19.8,0,0v100l1000,0V1C1000,19.4,873.3,97.8,500,97z\"\/>\n<\/svg>\t\t<\/div>\n\t\t\t\t\t<div class=\"elementor-container elementor-column-gap-no\">\n\t\t\t\t\t<div class=\"elementor-column elementor-col-100 elementor-top-column elementor-element elementor-element-81a9ba8\" data-id=\"81a9ba8\" data-element_type=\"column\" data-e-type=\"column\">\n\t\t\t<div class=\"elementor-widget-wrap elementor-element-populated\">\n\t\t\t\t\t\t<div class=\"elementor-element elementor-element-988612d elementor-widget elementor-widget-heading\" data-id=\"988612d\" data-element_type=\"widget\" data-e-type=\"widget\" data-widget_type=\"heading.default\">\n\t\t\t\t<div class=\"elementor-widget-container\">\n\t\t\t\t\t<h2 class=\"elementor-heading-title elementor-size-default\">NOTICIAS DESTACADAS<\/h2>\t\t\t\t<\/div>\n\t\t\t\t<\/div>\n\t\t\t\t<div class=\"elementor-element elementor-element-d4e8516 elementor-widget elementor-widget-spacer\" data-id=\"d4e8516\" data-element_type=\"widget\" data-e-type=\"widget\" data-widget_type=\"spacer.default\">\n\t\t\t\t<div class=\"elementor-widget-container\">\n\t\t\t\t\t\t\t<div class=\"elementor-spacer\">\n\t\t\t<div class=\"elementor-spacer-inner\"><\/div>\n\t\t<\/div>\n\t\t\t\t\t\t<\/div>\n\t\t\t\t<\/div>\n\t\t\t\t\t<\/div>\n\t\t<\/div>\n\t\t\t\t\t<\/div>\n\t\t<\/section>\n\t\t\t\t<section class=\"elementor-section elementor-top-section elementor-element elementor-element-0c1ae6f elementor-section-content-top elementor-section-stretched elementor-section-boxed elementor-section-height-default elementor-section-height-default\" data-id=\"0c1ae6f\" data-element_type=\"section\" data-e-type=\"section\" data-settings=\"{&quot;stretch_section&quot;:&quot;section-stretched&quot;}\">\n\t\t\t\t\t\t<div class=\"elementor-container elementor-column-gap-extended\">\n\t\t\t\t\t<div class=\"elementor-column elementor-col-16 elementor-top-column elementor-element elementor-element-9c38830 elementor-hidden-tablet elementor-hidden-mobile\" data-id=\"9c38830\" data-element_type=\"column\" data-e-type=\"column\">\n\t\t\t<div class=\"elementor-widget-wrap\">\n\t\t\t\t\t\t\t<\/div>\n\t\t<\/div>\n\t\t\t\t<div class=\"elementor-column elementor-col-16 elementor-top-column elementor-element elementor-element-17abc58\" data-id=\"17abc58\" data-element_type=\"column\" data-e-type=\"column\">\n\t\t\t<div class=\"elementor-widget-wrap elementor-element-populated\">\n\t\t\t\t\t\t<div class=\"elementor-element elementor-element-d073792 elementor-widget elementor-widget-heading\" data-id=\"d073792\" data-element_type=\"widget\" data-e-type=\"widget\" data-widget_type=\"heading.default\">\n\t\t\t\t<div class=\"elementor-widget-container\">\n\t\t\t\t\t<h1 class=\"elementor-heading-title elementor-size-default\">Benalm\u00e1dena instala m\u00e1s de 400 contenedores soterrados de carga superior de Fabrez.<\/h1>\t\t\t\t<\/div>\n\t\t\t\t<\/div>\n\t\t\t\t\t<\/div>\n\t\t<\/div>\n\t\t\t\t<div class=\"elementor-column elementor-col-66 elementor-top-column elementor-element elementor-element-20a126b elementor-hidden-tablet elementor-hidden-mobile\" data-id=\"20a126b\" data-element_type=\"column\" data-e-type=\"column\">\n\t\t\t<div class=\"elementor-widget-wrap\">\n\t\t\t\t\t\t\t<\/div>\n\t\t<\/div>\n\t\t\t\t\t<\/div>\n\t\t<\/section>\n\t\t\t\t<section class=\"elementor-section elementor-top-section elementor-element elementor-element-83e0895 elementor-section-content-top elementor-section-stretched elementor-section-boxed elementor-section-height-default elementor-section-height-default\" data-id=\"83e0895\" data-element_type=\"section\" data-e-type=\"section\" data-settings=\"{&quot;stretch_section&quot;:&quot;section-stretched&quot;}\">\n\t\t\t\t\t\t<div class=\"elementor-container elementor-column-gap-extended\">\n\t\t\t\t\t<div class=\"elementor-column elementor-col-16 elementor-top-column elementor-element elementor-element-f090ba6 elementor-hidden-tablet elementor-hidden-mobile\" data-id=\"f090ba6\" data-element_type=\"column\" data-e-type=\"column\">\n\t\t\t<div class=\"elementor-widget-wrap\">\n\t\t\t\t\t\t\t<\/div>\n\t\t<\/div>\n\t\t\t\t<div class=\"elementor-column elementor-col-66 elementor-top-column elementor-element elementor-element-244cf99\" data-id=\"244cf99\" data-element_type=\"column\" data-e-type=\"column\">\n\t\t\t<div class=\"elementor-widget-wrap elementor-element-populated\">\n\t\t\t\t\t\t<div class=\"elementor-element elementor-element-05e3d0e elementor-widget elementor-widget-image\" data-id=\"05e3d0e\" data-element_type=\"widget\" data-e-type=\"widget\" data-widget_type=\"image.default\">\n\t\t\t\t<div class=\"elementor-widget-container\">\n\t\t\t\t\t\t\t\t\t\t\t\t\t\t\t<img fetchpriority=\"high\" decoding=\"async\" width=\"1536\" height=\"915\" src=\"https:\/\/www.fabrezgroup.com\/home\/wp-content\/uploads\/2025\/09\/Benalmadena-Contenedores-Soterrados-Fabrez-001-1536x915.webp\" class=\"attachment-1536x1536 size-1536x1536 wp-image-16302\" alt=\"Benalmadena Contenedores Soterrados Fabrez\" srcset=\"https:\/\/www.fabrezgroup.com\/home\/wp-content\/uploads\/2025\/09\/Benalmadena-Contenedores-Soterrados-Fabrez-001-1536x915.webp 1536w, https:\/\/www.fabrezgroup.com\/home\/wp-content\/uploads\/2025\/09\/Benalmadena-Contenedores-Soterrados-Fabrez-001-300x179.webp 300w, https:\/\/www.fabrezgroup.com\/home\/wp-content\/uploads\/2025\/09\/Benalmadena-Contenedores-Soterrados-Fabrez-001-1024x610.webp 1024w, https:\/\/www.fabrezgroup.com\/home\/wp-content\/uploads\/2025\/09\/Benalmadena-Contenedores-Soterrados-Fabrez-001-768x458.webp 768w, https:\/\/www.fabrezgroup.com\/home\/wp-content\/uploads\/2025\/09\/Benalmadena-Contenedores-Soterrados-Fabrez-001.webp 1920w\" sizes=\"(max-width: 1536px) 100vw, 1536px\" \/>\t\t\t\t\t\t\t\t\t\t\t\t\t\t\t<\/div>\n\t\t\t\t<\/div>\n\t\t\t\t<div class=\"elementor-element elementor-element-c193271 elementor-widget elementor-widget-heading\" data-id=\"c193271\" data-element_type=\"widget\" data-e-type=\"widget\" data-widget_type=\"heading.default\">\n\t\t\t\t<div class=\"elementor-widget-container\">\n\t\t\t\t\t<h3 class=\"elementor-heading-title elementor-size-default\">Uno de los proyectos m\u00e1s relevantes en la Costa del Sol, apostando por la sostenibilidad urbana, la accesibilidad y la eficiencia operativa.<\/h3>\t\t\t\t<\/div>\n\t\t\t\t<\/div>\n\t\t\t\t<div class=\"elementor-element elementor-element-42d6289 elementor-widget elementor-widget-text-editor\" data-id=\"42d6289\" data-element_type=\"widget\" data-e-type=\"widget\" data-widget_type=\"text-editor.default\">\n\t\t\t\t<div class=\"elementor-widget-container\">\n\t\t\t\t\t\t\t\t\t<p>El <a href=\"https:\/\/www.benalmadena.es\/\" target=\"_blank\" rel=\"noopener\">Ayuntamiento de Benalm\u00e1dena<\/a> ha impulsado un ambicioso plan de renovaci\u00f3n de su sistema de residuos urbanos, instalando <strong>m\u00e1s de 400 contenedores soterrados<\/strong> de carga superior fabricados por Fabrez. Se trata de una actuaci\u00f3n que combina innovaci\u00f3n t\u00e9cnica, mejora est\u00e9tica del entorno urbano e impacto positivo tanto para los ciudadanos como para los operarios.<\/p>\t\t\t\t\t\t\t\t<\/div>\n\t\t\t\t<\/div>\n\t\t\t\t<div class=\"elementor-element elementor-element-850cccd elementor-widget elementor-widget-heading\" data-id=\"850cccd\" data-element_type=\"widget\" data-e-type=\"widget\" data-widget_type=\"heading.default\">\n\t\t\t\t<div class=\"elementor-widget-container\">\n\t\t\t\t\t<h3 class=\"elementor-heading-title elementor-size-default\">Ventajas clave de los soterrados de Fabrez<\/h3>\t\t\t\t<\/div>\n\t\t\t\t<\/div>\n\t\t\t\t<div class=\"elementor-element elementor-element-7e48dc7 elementor-widget elementor-widget-text-editor\" data-id=\"7e48dc7\" data-element_type=\"widget\" data-e-type=\"widget\" data-widget_type=\"text-editor.default\">\n\t\t\t\t<div class=\"elementor-widget-container\">\n\t\t\t\t\t\t\t\t\t<strong>Integraci\u00f3n urbana y mejora est\u00e9tica.<br>\n<\/strong>Los <a href=\"https:\/\/www.fabrezgroup.com\/home\/cleancity\/soterrados\/\" target=\"_blank\" rel=\"noopener\">contenedores soterrados<\/a> ocultan la basura bajo tierra, dejando \u00fanicamente buzones discretos en la superficie. Esta soluci\u00f3n elimina los residuos visibles, reduce los malos olores y contribuye a una imagen m\u00e1s limpia y ordenada de la ciudad, integr\u00e1ndose armoniosamente en espacios peatonales y zonas de paseo.<br><br>\n\n<strong>Mayor capacidad y eficiencia operativa.<\/strong><br>\n\nLos equipos soterrados ofrecen una capacidad superior frente a contenedores tradicionales, reduciendo as\u00ed los ciclos de vaciado. Esto permite optimizar la log\u00edstica de recogida, acelerar las rutas y reducir costes operativos en el servicio municipal.<br><br>\n\n<strong>Durabilidad.<\/strong><br>\nLos <a href=\"https:\/\/www.fabrezgroup.com\/home\/cleancity\/soterrados\/\" target=\"_blank\" rel=\"noopener\">contenedores <\/a>de Fabrez est\u00e1n fabricados 100% en metal, son resistentes, ign\u00edfugos y con alta tolerancia a la corrosi\u00f3n, lo que aumenta su vida \u00fatil y reduce la necesidad de sustituciones.<br><br>\n\n<strong>Accesibilidad y reducci\u00f3n de barreras.<\/strong><br>\n\nEl dise\u00f1o de los buzones y sistemas facilita el uso tanto a personas con movilidad reducida como a operarios de recogida. Al emplear camiones gr\u00faa de carga superior, se elimina la necesidad de mecanismos hidr\u00e1ulicos complejos y se simplifica la operativa diaria.\t\t\t\t\t\t\t\t<\/div>\n\t\t\t\t<\/div>\n\t\t\t\t<div class=\"elementor-element elementor-element-99fe6a6 elementor-widget elementor-widget-image\" data-id=\"99fe6a6\" data-element_type=\"widget\" data-e-type=\"widget\" data-widget_type=\"image.default\">\n\t\t\t\t<div class=\"elementor-widget-container\">\n\t\t\t\t\t\t\t\t\t\t\t\t\t\t\t<img decoding=\"async\" width=\"1920\" height=\"1271\" src=\"https:\/\/www.fabrezgroup.com\/home\/wp-content\/uploads\/2025\/09\/Benalmadena-Contenedores-Soterrados-Fabrez-002.webp\" class=\"attachment-full size-full wp-image-16303\" alt=\"Benalmadena Contenedores Soterrados Fabrez 001\" srcset=\"https:\/\/www.fabrezgroup.com\/home\/wp-content\/uploads\/2025\/09\/Benalmadena-Contenedores-Soterrados-Fabrez-002.webp 1920w, https:\/\/www.fabrezgroup.com\/home\/wp-content\/uploads\/2025\/09\/Benalmadena-Contenedores-Soterrados-Fabrez-002-300x199.webp 300w, https:\/\/www.fabrezgroup.com\/home\/wp-content\/uploads\/2025\/09\/Benalmadena-Contenedores-Soterrados-Fabrez-002-1024x678.webp 1024w, https:\/\/www.fabrezgroup.com\/home\/wp-content\/uploads\/2025\/09\/Benalmadena-Contenedores-Soterrados-Fabrez-002-768x508.webp 768w, https:\/\/www.fabrezgroup.com\/home\/wp-content\/uploads\/2025\/09\/Benalmadena-Contenedores-Soterrados-Fabrez-002-1536x1017.webp 1536w\" sizes=\"(max-width: 1920px) 100vw, 1920px\" \/>\t\t\t\t\t\t\t\t\t\t\t\t\t\t\t<\/div>\n\t\t\t\t<\/div>\n\t\t\t\t<div class=\"elementor-element elementor-element-de5a337 elementor-widget elementor-widget-heading\" data-id=\"de5a337\" data-element_type=\"widget\" data-e-type=\"widget\" data-widget_type=\"heading.default\">\n\t\t\t\t<div class=\"elementor-widget-container\">\n\t\t\t\t\t<h3 class=\"elementor-heading-title elementor-size-default\">Un impacto positivo para los ciudadanos de Benalm\u00e1dena<\/h3>\t\t\t\t<\/div>\n\t\t\t\t<\/div>\n\t\t\t\t<div class=\"elementor-element elementor-element-899710e elementor-widget elementor-widget-text-editor\" data-id=\"899710e\" data-element_type=\"widget\" data-e-type=\"widget\" data-widget_type=\"text-editor.default\">\n\t\t\t\t<div class=\"elementor-widget-container\">\n\t\t\t\t\t\t\t\t\t<p>Para los vecinos de Benalm\u00e1dena, esta renovaci\u00f3n supone un entorno m\u00e1s limpio, silencioso y est\u00e9ticamente cuidado. Adem\u00e1s, los operarios de limpieza trabajan en mejores condiciones: sin residuos expuestos, con menor riesgo laboral y con una recogida m\u00e1s fluida y segura.<\/p><p>Desde el punto de vista municipal, el proyecto demuestra c\u00f3mo una soluci\u00f3n bien dise\u00f1ada puede responder a m\u00faltiples necesidades: est\u00e9tica urbana, eficiencia operativa, sostenibilidad t\u00e9cnica y ahorro a medio y largo plazo.<\/p>\t\t\t\t\t\t\t\t<\/div>\n\t\t\t\t<\/div>\n\t\t\t\t<div class=\"elementor-element elementor-element-eadbe24 elementor-widget elementor-widget-heading\" data-id=\"eadbe24\" data-element_type=\"widget\" data-e-type=\"widget\" data-widget_type=\"heading.default\">\n\t\t\t\t<div class=\"elementor-widget-container\">\n\t\t\t\t\t<h3 class=\"elementor-heading-title elementor-size-default\">Soluciones eficientes para una gesti\u00f3n de residuos m\u00e1s moderna y sostenible<\/h3>\t\t\t\t<\/div>\n\t\t\t\t<\/div>\n\t\t\t\t<div class=\"elementor-element elementor-element-c3af0fd elementor-widget elementor-widget-text-editor\" data-id=\"c3af0fd\" data-element_type=\"widget\" data-e-type=\"widget\" data-widget_type=\"text-editor.default\">\n\t\t\t\t<div class=\"elementor-widget-container\">\n\t\t\t\t\t\t\t\t\t<p>El proyecto llevado a cabo en <a href=\"https:\/\/www.benalmadena.es\/\" target=\"_blank\" rel=\"noopener\">Benalm\u00e1dena<\/a> pone en valor la eficacia de los contenedores soterrados de carga superior desarrollados por Fabrez, que destacan por su durabilidad, capacidad, accesibilidad y adaptaci\u00f3n al entorno urbano. Esta actuaci\u00f3n demuestra c\u00f3mo una soluci\u00f3n bien dise\u00f1ada puede contribuir a una gesti\u00f3n de residuos m\u00e1s limpia, eficiente y respetuosa con el entorno.<\/p>\t\t\t\t\t\t\t\t<\/div>\n\t\t\t\t<\/div>\n\t\t\t\t<section class=\"elementor-section elementor-inner-section elementor-element elementor-element-6329037 elementor-section-boxed elementor-section-height-default elementor-section-height-default\" data-id=\"6329037\" data-element_type=\"section\" data-e-type=\"section\">\n\t\t\t\t\t\t<div class=\"elementor-container elementor-column-gap-default\">\n\t\t\t\t\t<div class=\"elementor-column elementor-col-33 elementor-inner-column elementor-element elementor-element-ffb3647\" data-id=\"ffb3647\" data-element_type=\"column\" data-e-type=\"column\">\n\t\t\t<div class=\"elementor-widget-wrap\">\n\t\t\t\t\t\t\t<\/div>\n\t\t<\/div>\n\t\t\t\t<div class=\"elementor-column elementor-col-33 elementor-inner-column elementor-element elementor-element-51616a9\" data-id=\"51616a9\" data-element_type=\"column\" data-e-type=\"column\">\n\t\t\t<div class=\"elementor-widget-wrap elementor-element-populated\">\n\t\t\t\t\t\t<div class=\"elementor-element elementor-element-2ba699f elementor-widget elementor-widget-heading\" data-id=\"2ba699f\" data-element_type=\"widget\" data-e-type=\"widget\" data-widget_type=\"heading.default\">\n\t\t\t\t<div class=\"elementor-widget-container\">\n\t\t\t\t\t<h2 class=\"elementor-heading-title elementor-size-default\">Compartir art\u00edculo<\/h2>\t\t\t\t<\/div>\n\t\t\t\t<\/div>\n\t\t\t\t\t<\/div>\n\t\t<\/div>\n\t\t\t\t<div class=\"elementor-column elementor-col-33 elementor-inner-column elementor-element elementor-element-f669ad2\" data-id=\"f669ad2\" data-element_type=\"column\" data-e-type=\"column\">\n\t\t\t<div class=\"elementor-widget-wrap elementor-element-populated\">\n\t\t\t\t\t\t<div class=\"elementor-element elementor-element-c47185e elementor-share-buttons--view-icon elementor-share-buttons--shape-circle elementor-share-buttons--skin-gradient elementor-grid-0 elementor-share-buttons--color-official elementor-widget elementor-widget-share-buttons\" data-id=\"c47185e\" data-element_type=\"widget\" data-e-type=\"widget\" data-widget_type=\"share-buttons.default\">\n\t\t\t\t<div class=\"elementor-widget-container\">\n\t\t\t\t\t\t\t<div class=\"elementor-grid\" role=\"list\">\n\t\t\t\t\t\t\t\t<div class=\"elementor-grid-item\" role=\"listitem\">\n\t\t\t\t\t\t<div class=\"elementor-share-btn elementor-share-btn_email\" role=\"button\" tabindex=\"0\" aria-label=\"Compartir en email\">\n\t\t\t\t\t\t\t\t\t\t\t\t\t\t\t<span class=\"elementor-share-btn__icon\">\n\t\t\t\t\t\t\t\t<i class=\"fas fa-envelope\" aria-hidden=\"true\"><\/i>\t\t\t\t\t\t\t<\/span>\n\t\t\t\t\t\t\t\t\t\t\t\t\t\t\t\t\t\t\t\t<\/div>\n\t\t\t\t\t<\/div>\n\t\t\t\t\t\t\t\t\t<div class=\"elementor-grid-item\" role=\"listitem\">\n\t\t\t\t\t\t<div class=\"elementor-share-btn elementor-share-btn_whatsapp\" role=\"button\" tabindex=\"0\" aria-label=\"Compartir en whatsapp\">\n\t\t\t\t\t\t\t\t\t\t\t\t\t\t\t<span class=\"elementor-share-btn__icon\">\n\t\t\t\t\t\t\t\t<i class=\"fab fa-whatsapp\" aria-hidden=\"true\"><\/i>\t\t\t\t\t\t\t<\/span>\n\t\t\t\t\t\t\t\t\t\t\t\t\t\t\t\t\t\t\t\t<\/div>\n\t\t\t\t\t<\/div>\n\t\t\t\t\t\t\t\t\t<div class=\"elementor-grid-item\" role=\"listitem\">\n\t\t\t\t\t\t<div class=\"elementor-share-btn elementor-share-btn_telegram\" role=\"button\" tabindex=\"0\" aria-label=\"Compartir en telegram\">\n\t\t\t\t\t\t\t\t\t\t\t\t\t\t\t<span class=\"elementor-share-btn__icon\">\n\t\t\t\t\t\t\t\t<i class=\"fab fa-telegram\" aria-hidden=\"true\"><\/i>\t\t\t\t\t\t\t<\/span>\n\t\t\t\t\t\t\t\t\t\t\t\t\t\t\t\t\t\t\t\t<\/div>\n\t\t\t\t\t<\/div>\n\t\t\t\t\t\t\t\t\t<div class=\"elementor-grid-item\" role=\"listitem\">\n\t\t\t\t\t\t<div class=\"elementor-share-btn elementor-share-btn_facebook\" role=\"button\" tabindex=\"0\" aria-label=\"Compartir en facebook\">\n\t\t\t\t\t\t\t\t\t\t\t\t\t\t\t<span class=\"elementor-share-btn__icon\">\n\t\t\t\t\t\t\t\t<i class=\"fab fa-facebook\" aria-hidden=\"true\"><\/i>\t\t\t\t\t\t\t<\/span>\n\t\t\t\t\t\t\t\t\t\t\t\t\t\t\t\t\t\t\t\t<\/div>\n\t\t\t\t\t<\/div>\n\t\t\t\t\t\t\t\t\t<div class=\"elementor-grid-item\" role=\"listitem\">\n\t\t\t\t\t\t<div class=\"elementor-share-btn elementor-share-btn_twitter\" role=\"button\" tabindex=\"0\" aria-label=\"Compartir en twitter\">\n\t\t\t\t\t\t\t\t\t\t\t\t\t\t\t<span class=\"elementor-share-btn__icon\">\n\t\t\t\t\t\t\t\t<i class=\"fab fa-twitter\" aria-hidden=\"true\"><\/i>\t\t\t\t\t\t\t<\/span>\n\t\t\t\t\t\t\t\t\t\t\t\t\t\t\t\t\t\t\t\t<\/div>\n\t\t\t\t\t<\/div>\n\t\t\t\t\t\t\t\t\t<div class=\"elementor-grid-item\" role=\"listitem\">\n\t\t\t\t\t\t<div class=\"elementor-share-btn elementor-share-btn_linkedin\" role=\"button\" tabindex=\"0\" aria-label=\"Compartir en linkedin\">\n\t\t\t\t\t\t\t\t\t\t\t\t\t\t\t<span class=\"elementor-share-btn__icon\">\n\t\t\t\t\t\t\t\t<i class=\"fab fa-linkedin\" aria-hidden=\"true\"><\/i>\t\t\t\t\t\t\t<\/span>\n\t\t\t\t\t\t\t\t\t\t\t\t\t\t\t\t\t\t\t\t<\/div>\n\t\t\t\t\t<\/div>\n\t\t\t\t\t\t<\/div>\n\t\t\t\t\t\t<\/div>\n\t\t\t\t<\/div>\n\t\t\t\t\t<\/div>\n\t\t<\/div>\n\t\t\t\t\t<\/div>\n\t\t<\/section>\n\t\t\t\t<section class=\"elementor-section elementor-inner-section elementor-element elementor-element-b8c54e3 elementor-section-full_width elementor-section-height-default elementor-section-height-default\" data-id=\"b8c54e3\" data-element_type=\"section\" data-e-type=\"section\" data-settings=\"{&quot;background_background&quot;:&quot;classic&quot;}\">\n\t\t\t\t\t\t<div class=\"elementor-container elementor-column-gap-no\">\n\t\t\t\t\t<div class=\"elementor-column elementor-col-100 elementor-inner-column elementor-element elementor-element-d138538\" data-id=\"d138538\" data-element_type=\"column\" data-e-type=\"column\">\n\t\t\t<div class=\"elementor-widget-wrap elementor-element-populated\">\n\t\t\t\t\t\t<div class=\"elementor-element elementor-element-f8a15d3 elementor-widget-divider--view-line elementor-widget elementor-widget-divider\" data-id=\"f8a15d3\" data-element_type=\"widget\" data-e-type=\"widget\" data-widget_type=\"divider.default\">\n\t\t\t\t<div class=\"elementor-widget-container\">\n\t\t\t\t\t\t\t<div class=\"elementor-divider\">\n\t\t\t<span class=\"elementor-divider-separator\">\n\t\t\t\t\t\t<\/span>\n\t\t<\/div>\n\t\t\t\t\t\t<\/div>\n\t\t\t\t<\/div>\n\t\t\t\t<div class=\"elementor-element elementor-element-6e2e179 elementor-widget elementor-widget-heading\" data-id=\"6e2e179\" data-element_type=\"widget\" data-e-type=\"widget\" data-widget_type=\"heading.default\">\n\t\t\t\t<div class=\"elementor-widget-container\">\n\t\t\t\t\t<h3 class=\"elementor-heading-title elementor-size-default\">Noticias relacionadas<\/h3>\t\t\t\t<\/div>\n\t\t\t\t<\/div>\n\t\t\t\t<div class=\"elementor-element elementor-element-2186c47 elementor-posts--align-left elementor-grid-tablet-3 elementor-grid-3 elementor-grid-mobile-1 elementor-posts--thumbnail-top elementor-widget elementor-widget-posts\" data-id=\"2186c47\" data-element_type=\"widget\" data-e-type=\"widget\" data-settings=\"{&quot;classic_columns_tablet&quot;:&quot;3&quot;,&quot;classic_columns&quot;:&quot;3&quot;,&quot;classic_columns_mobile&quot;:&quot;1&quot;,&quot;classic_row_gap&quot;:{&quot;unit&quot;:&quot;px&quot;,&quot;size&quot;:35,&quot;sizes&quot;:[]},&quot;classic_row_gap_laptop&quot;:{&quot;unit&quot;:&quot;px&quot;,&quot;size&quot;:&quot;&quot;,&quot;sizes&quot;:[]},&quot;classic_row_gap_tablet&quot;:{&quot;unit&quot;:&quot;px&quot;,&quot;size&quot;:&quot;&quot;,&quot;sizes&quot;:[]},&quot;classic_row_gap_mobile&quot;:{&quot;unit&quot;:&quot;px&quot;,&quot;size&quot;:&quot;&quot;,&quot;sizes&quot;:[]}}\" data-widget_type=\"posts.classic\">\n\t\t\t\t<div class=\"elementor-widget-container\">\n\t\t\t\t\t\t\t<div class=\"elementor-posts-container elementor-posts elementor-posts--skin-classic elementor-grid\" role=\"list\">\n\t\t\t\t<article class=\"elementor-post elementor-grid-item post-17125 post type-post status-publish format-standard has-post-thumbnail hentry category-cleancity category-grupo-fabrez category-soterrados tag-ayuntamiento-de-fuengirola tag-cleancity tag-contenedores-soterrados tag-fabrez tag-fabrez-group\" role=\"listitem\">\n\t\t\t\t<a class=\"elementor-post__thumbnail__link\" href=\"https:\/\/www.fabrezgroup.com\/home\/grupo-fabrez\/fuengirola-moderniza-sus-islas-ecologicas-con-nuevos-soterrados\/\" tabindex=\"-1\" >\n\t\t\t<div class=\"elementor-post__thumbnail\"><img decoding=\"async\" width=\"1024\" height=\"600\" src=\"https:\/\/www.fabrezgroup.com\/home\/wp-content\/uploads\/2026\/03\/FUENGIROLA-2-1024x600.webp\" class=\"attachment-large size-large wp-image-17138\" alt=\"Soterrados Fuengirola\" srcset=\"https:\/\/www.fabrezgroup.com\/home\/wp-content\/uploads\/2026\/03\/FUENGIROLA-2-1024x600.webp 1024w, https:\/\/www.fabrezgroup.com\/home\/wp-content\/uploads\/2026\/03\/FUENGIROLA-2-300x176.webp 300w, https:\/\/www.fabrezgroup.com\/home\/wp-content\/uploads\/2026\/03\/FUENGIROLA-2-768x450.webp 768w, https:\/\/www.fabrezgroup.com\/home\/wp-content\/uploads\/2026\/03\/FUENGIROLA-2-1536x900.webp 1536w, https:\/\/www.fabrezgroup.com\/home\/wp-content\/uploads\/2026\/03\/FUENGIROLA-2.webp 1600w\" sizes=\"(max-width: 1024px) 100vw, 1024px\" \/><\/div>\n\t\t<\/a>\n\t\t\t\t<div class=\"elementor-post__text\">\n\t\t\t\t<h2 class=\"elementor-post__title\">\n\t\t\t<a href=\"https:\/\/www.fabrezgroup.com\/home\/grupo-fabrez\/fuengirola-moderniza-sus-islas-ecologicas-con-nuevos-soterrados\/\" >\n\t\t\t\tFuengirola moderniza sus islas ecol\u00f3gicas con nuevos soterrados\t\t\t<\/a>\n\t\t<\/h2>\n\t\t\t\t<\/div>\n\t\t\t\t<\/article>\n\t\t\t\t<article class=\"elementor-post elementor-grid-item post-16436 post type-post status-publish format-standard has-post-thumbnail hentry category-cleancity category-grupo-fabrez category-soterrados tag-cleancity tag-contenedores-soterrados tag-fabrez-group\" role=\"listitem\">\n\t\t\t\t<a class=\"elementor-post__thumbnail__link\" href=\"https:\/\/www.fabrezgroup.com\/home\/grupo-fabrez\/contenedores-soterrados-ventajas-de-su-instalacion\/\" tabindex=\"-1\" >\n\t\t\t<div class=\"elementor-post__thumbnail\"><img loading=\"lazy\" decoding=\"async\" width=\"1024\" height=\"640\" src=\"https:\/\/www.fabrezgroup.com\/home\/wp-content\/uploads\/2025\/11\/Contenedores-Soterados-Benalmadena-fabrez-1024x640.webp\" class=\"attachment-large size-large wp-image-16444\" alt=\"Contenedores Soterados Benalm\u00e1dena fabrez\" srcset=\"https:\/\/www.fabrezgroup.com\/home\/wp-content\/uploads\/2025\/11\/Contenedores-Soterados-Benalmadena-fabrez-1024x640.webp 1024w, https:\/\/www.fabrezgroup.com\/home\/wp-content\/uploads\/2025\/11\/Contenedores-Soterados-Benalmadena-fabrez-300x188.webp 300w, https:\/\/www.fabrezgroup.com\/home\/wp-content\/uploads\/2025\/11\/Contenedores-Soterados-Benalmadena-fabrez-768x480.webp 768w, https:\/\/www.fabrezgroup.com\/home\/wp-content\/uploads\/2025\/11\/Contenedores-Soterados-Benalmadena-fabrez.webp 1280w\" sizes=\"(max-width: 1024px) 100vw, 1024px\" \/><\/div>\n\t\t<\/a>\n\t\t\t\t<div class=\"elementor-post__text\">\n\t\t\t\t<h2 class=\"elementor-post__title\">\n\t\t\t<a href=\"https:\/\/www.fabrezgroup.com\/home\/grupo-fabrez\/contenedores-soterrados-ventajas-de-su-instalacion\/\" >\n\t\t\t\tContenedores Soterrados: Ventajas de su Instalaci\u00f3n\t\t\t<\/a>\n\t\t<\/h2>\n\t\t\t\t<\/div>\n\t\t\t\t<\/article>\n\t\t\t\t<article class=\"elementor-post elementor-grid-item post-16299 post type-post status-publish format-standard has-post-thumbnail hentry category-cleancity category-grupo-fabrez category-soterrados tag-ayuntamiento-de-benalmadena tag-benalmadena tag-cleancity tag-contenedores-soterrados tag-fabrez tag-fabrez-group\" role=\"listitem\">\n\t\t\t\t<a class=\"elementor-post__thumbnail__link\" href=\"https:\/\/www.fabrezgroup.com\/home\/grupo-fabrez\/benalmadena-instala-400-contenedores-soterrados\/\" tabindex=\"-1\" >\n\t\t\t<div class=\"elementor-post__thumbnail\"><img loading=\"lazy\" decoding=\"async\" width=\"1024\" height=\"610\" src=\"https:\/\/www.fabrezgroup.com\/home\/wp-content\/uploads\/2025\/09\/Benalmadena-Contenedores-Soterrados-Fabrez-001-1024x610.webp\" class=\"attachment-large size-large wp-image-16302\" alt=\"Benalmadena Contenedores Soterrados Fabrez\" srcset=\"https:\/\/www.fabrezgroup.com\/home\/wp-content\/uploads\/2025\/09\/Benalmadena-Contenedores-Soterrados-Fabrez-001-1024x610.webp 1024w, https:\/\/www.fabrezgroup.com\/home\/wp-content\/uploads\/2025\/09\/Benalmadena-Contenedores-Soterrados-Fabrez-001-300x179.webp 300w, https:\/\/www.fabrezgroup.com\/home\/wp-content\/uploads\/2025\/09\/Benalmadena-Contenedores-Soterrados-Fabrez-001-768x458.webp 768w, https:\/\/www.fabrezgroup.com\/home\/wp-content\/uploads\/2025\/09\/Benalmadena-Contenedores-Soterrados-Fabrez-001-1536x915.webp 1536w, https:\/\/www.fabrezgroup.com\/home\/wp-content\/uploads\/2025\/09\/Benalmadena-Contenedores-Soterrados-Fabrez-001.webp 1920w\" sizes=\"(max-width: 1024px) 100vw, 1024px\" \/><\/div>\n\t\t<\/a>\n\t\t\t\t<div class=\"elementor-post__text\">\n\t\t\t\t<h2 class=\"elementor-post__title\">\n\t\t\t<a href=\"https:\/\/www.fabrezgroup.com\/home\/grupo-fabrez\/benalmadena-instala-400-contenedores-soterrados\/\" >\n\t\t\t\tBenalm\u00e1dena instala 400 contenedores soterrados\t\t\t<\/a>\n\t\t<\/h2>\n\t\t\t\t<\/div>\n\t\t\t\t<\/article>\n\t\t\t\t<\/div>\n\t\t\n\t\t\t\t\t\t<\/div>\n\t\t\t\t<\/div>\n\t\t\t\t\t<\/div>\n\t\t<\/div>\n\t\t\t\t\t<\/div>\n\t\t<\/section>\n\t\t\t\t<section class=\"elementor-section elementor-inner-section elementor-element elementor-element-ef041d9 elementor-section-full_width elementor-section-height-default elementor-section-height-default\" data-id=\"ef041d9\" data-element_type=\"section\" data-e-type=\"section\" data-settings=\"{&quot;background_background&quot;:&quot;classic&quot;}\">\n\t\t\t\t\t\t<div class=\"elementor-container elementor-column-gap-no\">\n\t\t\t\t\t<div class=\"elementor-column elementor-col-100 elementor-inner-column elementor-element elementor-element-d01c0dd\" data-id=\"d01c0dd\" data-element_type=\"column\" data-e-type=\"column\">\n\t\t\t<div class=\"elementor-widget-wrap elementor-element-populated\">\n\t\t\t\t\t\t<div class=\"elementor-element elementor-element-b3b6cec elementor-widget-divider--view-line elementor-widget elementor-widget-divider\" data-id=\"b3b6cec\" data-element_type=\"widget\" data-e-type=\"widget\" data-widget_type=\"divider.default\">\n\t\t\t\t<div class=\"elementor-widget-container\">\n\t\t\t\t\t\t\t<div class=\"elementor-divider\">\n\t\t\t<span class=\"elementor-divider-separator\">\n\t\t\t\t\t\t<\/span>\n\t\t<\/div>\n\t\t\t\t\t\t<\/div>\n\t\t\t\t<\/div>\n\t\t\t\t<div class=\"elementor-element elementor-element-cfd2eca elementor-widget elementor-widget-heading\" data-id=\"cfd2eca\" data-element_type=\"widget\" data-e-type=\"widget\" data-widget_type=\"heading.default\">\n\t\t\t\t<div class=\"elementor-widget-container\">\n\t\t\t\t\t<h3 class=\"elementor-heading-title elementor-size-default\">Productos relacionados<\/h3>\t\t\t\t<\/div>\n\t\t\t\t<\/div>\n\t\t\t\t<section class=\"elementor-section elementor-inner-section elementor-element elementor-element-64111a4 elementor-section-boxed elementor-section-height-default elementor-section-height-default\" data-id=\"64111a4\" data-element_type=\"section\" data-e-type=\"section\">\n\t\t\t\t\t\t<div class=\"elementor-container elementor-column-gap-default\">\n\t\t\t\t\t<div class=\"elementor-column elementor-col-33 elementor-inner-column elementor-element elementor-element-90b836c\" data-id=\"90b836c\" data-element_type=\"column\" data-e-type=\"column\">\n\t\t\t<div class=\"elementor-widget-wrap elementor-element-populated\">\n\t\t\t\t\t\t<div class=\"elementor-element elementor-element-d4f306a elementor-cta--skin-cover elementor-cta--valign-bottom elementor-animated-content elementor-bg-transform elementor-bg-transform-zoom-in elementor-widget elementor-widget-call-to-action\" data-id=\"d4f306a\" data-element_type=\"widget\" data-e-type=\"widget\" data-widget_type=\"call-to-action.default\">\n\t\t\t\t<div class=\"elementor-widget-container\">\n\t\t\t\t\t\t\t<a class=\"elementor-cta\" href=\"https:\/\/www.fabrezgroup.com\/home\/cleancity\/superficie\/#Bilateral\">\n\t\t\t\t\t<div class=\"elementor-cta__bg-wrapper\">\n\t\t\t\t<div class=\"elementor-cta__bg elementor-bg\" style=\"background-image: url(https:\/\/www.fabrezgroup.com\/home\/wp-content\/uploads\/2022\/06\/Contenedores-EVA-5-1024x640.jpg);\" role=\"img\" aria-label=\"Fabrez Group, Contenedor de superficie, Contenedores, Carga Superior, Carga Bilateral\"><\/div>\n\t\t\t\t<div class=\"elementor-cta__bg-overlay\"><\/div>\n\t\t\t<\/div>\n\t\t\t\t\t\t\t<div class=\"elementor-cta__content\">\n\t\t\t\t\n\t\t\t\t\n\t\t\t\t\n\t\t\t\t\t\t\t<\/div>\n\t\t\t\t\t\t<\/a>\n\t\t\t\t\t\t<\/div>\n\t\t\t\t<\/div>\n\t\t\t\t<div class=\"elementor-element elementor-element-a804e91 elementor-widget elementor-widget-heading\" data-id=\"a804e91\" data-element_type=\"widget\" data-e-type=\"widget\" data-widget_type=\"heading.default\">\n\t\t\t\t<div class=\"elementor-widget-container\">\n\t\t\t\t\t<h3 class=\"elementor-heading-title elementor-size-default\">Contenedor EVA<\/h3>\t\t\t\t<\/div>\n\t\t\t\t<\/div>\n\t\t\t\t<div class=\"elementor-element elementor-element-9e66c4f elementor-widget elementor-widget-heading\" data-id=\"9e66c4f\" data-element_type=\"widget\" data-e-type=\"widget\" data-widget_type=\"heading.default\">\n\t\t\t\t<div class=\"elementor-widget-container\">\n\t\t\t\t\t<h3 class=\"elementor-heading-title elementor-size-default\">Carga Superior<\/h3>\t\t\t\t<\/div>\n\t\t\t\t<\/div>\n\t\t\t\t\t<\/div>\n\t\t<\/div>\n\t\t\t\t<div class=\"elementor-column elementor-col-33 elementor-inner-column elementor-element elementor-element-3942f59\" data-id=\"3942f59\" data-element_type=\"column\" data-e-type=\"column\">\n\t\t\t<div class=\"elementor-widget-wrap elementor-element-populated\">\n\t\t\t\t\t\t<div class=\"elementor-element elementor-element-ab0f322 elementor-cta--skin-cover elementor-cta--valign-bottom elementor-animated-content elementor-bg-transform elementor-bg-transform-zoom-in elementor-widget elementor-widget-call-to-action\" data-id=\"ab0f322\" data-element_type=\"widget\" data-e-type=\"widget\" data-widget_type=\"call-to-action.default\">\n\t\t\t\t<div class=\"elementor-widget-container\">\n\t\t\t\t\t\t\t<a class=\"elementor-cta\" href=\"https:\/\/www.fabrezgroup.com\/home\/cleancity\/soterrados\/\">\n\t\t\t\t\t<div class=\"elementor-cta__bg-wrapper\">\n\t\t\t\t<div class=\"elementor-cta__bg elementor-bg\" style=\"background-image: url(https:\/\/www.fabrezgroup.com\/home\/wp-content\/uploads\/2022\/06\/Soterrados-6-1024x657.jpg);\" role=\"img\" aria-label=\"Soterrados (6)\"><\/div>\n\t\t\t\t<div class=\"elementor-cta__bg-overlay\"><\/div>\n\t\t\t<\/div>\n\t\t\t\t\t\t\t<div class=\"elementor-cta__content\">\n\t\t\t\t\n\t\t\t\t\n\t\t\t\t\n\t\t\t\t\t\t\t<\/div>\n\t\t\t\t\t\t<\/a>\n\t\t\t\t\t\t<\/div>\n\t\t\t\t<\/div>\n\t\t\t\t<div class=\"elementor-element elementor-element-3b49aa1 elementor-widget elementor-widget-heading\" data-id=\"3b49aa1\" data-element_type=\"widget\" data-e-type=\"widget\" data-widget_type=\"heading.default\">\n\t\t\t\t<div class=\"elementor-widget-container\">\n\t\t\t\t\t<h3 class=\"elementor-heading-title elementor-size-default\">Contenedores<\/h3>\t\t\t\t<\/div>\n\t\t\t\t<\/div>\n\t\t\t\t<div class=\"elementor-element elementor-element-7dc0111 elementor-widget elementor-widget-heading\" data-id=\"7dc0111\" data-element_type=\"widget\" data-e-type=\"widget\" data-widget_type=\"heading.default\">\n\t\t\t\t<div class=\"elementor-widget-container\">\n\t\t\t\t\t<h3 class=\"elementor-heading-title elementor-size-default\">Soterrados<\/h3>\t\t\t\t<\/div>\n\t\t\t\t<\/div>\n\t\t\t\t\t<\/div>\n\t\t<\/div>\n\t\t\t\t<div class=\"elementor-column elementor-col-33 elementor-inner-column elementor-element elementor-element-03acf0c\" data-id=\"03acf0c\" data-element_type=\"column\" data-e-type=\"column\">\n\t\t\t<div class=\"elementor-widget-wrap elementor-element-populated\">\n\t\t\t\t\t\t<div class=\"elementor-element elementor-element-66dae3f elementor-cta--skin-cover elementor-cta--valign-bottom elementor-animated-content elementor-bg-transform elementor-bg-transform-zoom-in elementor-widget elementor-widget-call-to-action\" data-id=\"66dae3f\" data-element_type=\"widget\" data-e-type=\"widget\" data-widget_type=\"call-to-action.default\">\n\t\t\t\t<div class=\"elementor-widget-container\">\n\t\t\t\t\t\t\t<a class=\"elementor-cta\" href=\"https:\/\/www.fabrezgroup.com\/home\/cleancity\/mobiliario-urbano\/#Mupi\">\n\t\t\t\t\t<div class=\"elementor-cta__bg-wrapper\">\n\t\t\t\t<div class=\"elementor-cta__bg elementor-bg\" style=\"background-image: url(https:\/\/www.fabrezgroup.com\/home\/wp-content\/uploads\/2022\/03\/Mupi-3-1024x640.jpg);\" role=\"img\" aria-label=\"Mini Punto Limpio - Fabrez Group\"><\/div>\n\t\t\t\t<div class=\"elementor-cta__bg-overlay\"><\/div>\n\t\t\t<\/div>\n\t\t\t\t\t\t\t<div class=\"elementor-cta__content\">\n\t\t\t\t\n\t\t\t\t\n\t\t\t\t\n\t\t\t\t\t\t\t<\/div>\n\t\t\t\t\t\t<\/a>\n\t\t\t\t\t\t<\/div>\n\t\t\t\t<\/div>\n\t\t\t\t<div class=\"elementor-element elementor-element-c8ee9d9 elementor-widget elementor-widget-heading\" data-id=\"c8ee9d9\" data-element_type=\"widget\" data-e-type=\"widget\" data-widget_type=\"heading.default\">\n\t\t\t\t<div class=\"elementor-widget-container\">\n\t\t\t\t\t<h3 class=\"elementor-heading-title elementor-size-default\">Mupi<\/h3>\t\t\t\t<\/div>\n\t\t\t\t<\/div>\n\t\t\t\t<div class=\"elementor-element elementor-element-5db3bcf elementor-widget elementor-widget-heading\" data-id=\"5db3bcf\" data-element_type=\"widget\" data-e-type=\"widget\" data-widget_type=\"heading.default\">\n\t\t\t\t<div class=\"elementor-widget-container\">\n\t\t\t\t\t<h3 class=\"elementor-heading-title elementor-size-default\">Mini-Punto Limpio<\/h3>\t\t\t\t<\/div>\n\t\t\t\t<\/div>\n\t\t\t\t\t<\/div>\n\t\t<\/div>\n\t\t\t\t\t<\/div>\n\t\t<\/section>\n\t\t\t\t\t<\/div>\n\t\t<\/div>\n\t\t\t\t\t<\/div>\n\t\t<\/section>\n\t\t\t\t\t<\/div>\n\t\t<\/div>\n\t\t\t\t<div class=\"elementor-column elementor-col-16 elementor-top-column elementor-element elementor-element-df2434d elementor-hidden-tablet elementor-hidden-mobile\" data-id=\"df2434d\" data-element_type=\"column\" data-e-type=\"column\" data-settings=\"{&quot;animation&quot;:&quot;none&quot;}\">\n\t\t\t<div class=\"elementor-widget-wrap elementor-element-populated\">\n\t\t\t\t\t\t<div class=\"elementor-element elementor-element-9bf3c05 elementor-widget elementor-widget-shortcode\" data-id=\"9bf3c05\" data-element_type=\"widget\" data-e-type=\"widget\" data-widget_type=\"shortcode.default\">\n\t\t\t\t<div class=\"elementor-widget-container\">\n\t\t\t\t\t\t\t<div class=\"elementor-shortcode\">\t\t<div data-elementor-type=\"section\" data-elementor-id=\"7548\" class=\"elementor elementor-7548\" data-elementor-post-type=\"elementor_library\">\n\t\t\t\t\t<section class=\"elementor-section elementor-top-section elementor-element elementor-element-60ec9c13 elementor-section-content-top elementor-section-boxed elementor-section-height-default elementor-section-height-default\" data-id=\"60ec9c13\" data-element_type=\"section\" data-e-type=\"section\">\n\t\t\t\t\t\t<div class=\"elementor-container elementor-column-gap-no\">\n\t\t\t\t\t<div class=\"elementor-column elementor-col-100 elementor-top-column elementor-element elementor-element-53742b8c elementor-hidden-tablet elementor-hidden-mobile\" data-id=\"53742b8c\" data-element_type=\"column\" data-e-type=\"column\" data-settings=\"{&quot;animation&quot;:&quot;none&quot;}\">\n\t\t\t<div class=\"elementor-widget-wrap elementor-element-populated\">\n\t\t\t\t\t\t<div class=\"elementor-element elementor-element-4c4a96a2 elementor-search-form--skin-classic elementor-search-form--button-type-icon elementor-search-form--icon-search elementor-widget elementor-widget-search-form\" data-id=\"4c4a96a2\" data-element_type=\"widget\" data-e-type=\"widget\" data-settings=\"{&quot;skin&quot;:&quot;classic&quot;}\" data-widget_type=\"search-form.default\">\n\t\t\t\t<div class=\"elementor-widget-container\">\n\t\t\t\t\t\t\t<search role=\"search\">\n\t\t\t<form class=\"elementor-search-form\" action=\"https:\/\/www.fabrezgroup.com\/home\" method=\"get\">\n\t\t\t\t\t\t\t\t\t\t\t\t<div class=\"elementor-search-form__container\">\n\t\t\t\t\t<label class=\"elementor-screen-only\" for=\"elementor-search-form-4c4a96a2\">Buscar<\/label>\n\n\t\t\t\t\t\n\t\t\t\t\t<input id=\"elementor-search-form-4c4a96a2\" placeholder=\"Buscar...\" class=\"elementor-search-form__input\" type=\"search\" name=\"s\" value=\"\">\n\t\t\t\t\t\n\t\t\t\t\t\t\t\t\t\t\t<button class=\"elementor-search-form__submit\" type=\"submit\" aria-label=\"Buscar\">\n\t\t\t\t\t\t\t\t\t\t\t\t\t\t\t<i aria-hidden=\"true\" class=\"fas fa-search\"><\/i>\t\t\t\t\t\t\t\t\t\t\t\t\t<\/button>\n\t\t\t\t\t\n\t\t\t\t\t\t\t\t\t<\/div>\n\t\t\t<\/form>\n\t\t<\/search>\n\t\t\t\t\t\t<\/div>\n\t\t\t\t<\/div>\n\t\t\t\t<section class=\"elementor-section elementor-inner-section elementor-element elementor-element-734ee79c elementor-section-full_width elementor-section-height-min-height elementor-section-height-default\" data-id=\"734ee79c\" data-element_type=\"section\" data-e-type=\"section\" data-settings=\"{&quot;background_background&quot;:&quot;gradient&quot;,&quot;motion_fx_motion_fx_scrolling&quot;:&quot;yes&quot;,&quot;motion_fx_devices&quot;:[&quot;desktop&quot;,&quot;laptop&quot;,&quot;tablet&quot;,&quot;mobile&quot;]}\">\n\t\t\t\t\t\t<div class=\"elementor-container elementor-column-gap-no\">\n\t\t\t\t\t<div class=\"elementor-column elementor-col-100 elementor-inner-column elementor-element elementor-element-55e7b0de\" data-id=\"55e7b0de\" data-element_type=\"column\" data-e-type=\"column\">\n\t\t\t<div class=\"elementor-widget-wrap elementor-element-populated\">\n\t\t\t\t\t\t<div class=\"elementor-element elementor-element-5ce79cbd elementor-widget elementor-widget-elementskit-heading\" data-id=\"5ce79cbd\" data-element_type=\"widget\" data-e-type=\"widget\" data-widget_type=\"elementskit-heading.default\">\n\t\t\t\t<div class=\"elementor-widget-container\">\n\t\t\t\t\t<div class=\"ekit-wid-con\" ><div class=\"ekit-heading elementskit-section-title-wraper text_center   ekit_heading_tablet-   ekit_heading_mobile-text_center\"><h4 class=\"elementskit-section-subtitle  \">\n\t\t\t\t\t\tDescubre\n\t\t\t\t\t<\/h4><a href=\"https:\/\/www.fabrezgroup.com\/home\/grupo-fabrez\/catalogos\/\"><h3 class=\"ekit-heading--title elementskit-section-title \">Nuestros Cat\u00e1logos<\/h3><\/a><\/div><\/div>\t\t\t\t<\/div>\n\t\t\t\t<\/div>\n\t\t\t\t<div class=\"elementor-element elementor-element-29bbe7b3 elementor-cta--skin-cover elementor-cta--valign-middle elementor-animated-content elementor-bg-transform elementor-bg-transform-zoom-in elementor-widget elementor-widget-call-to-action\" data-id=\"29bbe7b3\" data-element_type=\"widget\" data-e-type=\"widget\" data-widget_type=\"call-to-action.default\">\n\t\t\t\t<div class=\"elementor-widget-container\">\n\t\t\t\t\t\t\t<a class=\"elementor-cta\" href=\"https:\/\/www.fabrezgroup.com\/home\/grupo-fabrez\/catalogos\/\">\n\t\t\t\t\t<div class=\"elementor-cta__bg-wrapper\">\n\t\t\t\t<div class=\"elementor-cta__bg elementor-bg\" style=\"background-image: url(https:\/\/www.fabrezgroup.com\/home\/wp-content\/uploads\/2022\/06\/Cata\u0301logos-1024x1024.png);\" role=\"img\" aria-label=\"Cata\u0301logos\"><\/div>\n\t\t\t\t<div class=\"elementor-cta__bg-overlay\"><\/div>\n\t\t\t<\/div>\n\t\t\t\t\t\t\t<div class=\"elementor-cta__content\">\n\t\t\t\t\n\t\t\t\t\n\t\t\t\t\n\t\t\t\t\t\t\t<\/div>\n\t\t\t\t\t\t<\/a>\n\t\t\t\t\t\t<\/div>\n\t\t\t\t<\/div>\n\t\t\t\t\t<\/div>\n\t\t<\/div>\n\t\t\t\t\t<\/div>\n\t\t<\/section>\n\t\t\t\t<div class=\"elementor-element elementor-element-1434f584 elementor-widget elementor-widget-spacer\" data-id=\"1434f584\" data-element_type=\"widget\" data-e-type=\"widget\" data-widget_type=\"spacer.default\">\n\t\t\t\t<div class=\"elementor-widget-container\">\n\t\t\t\t\t\t\t<div class=\"elementor-spacer\">\n\t\t\t<div class=\"elementor-spacer-inner\"><\/div>\n\t\t<\/div>\n\t\t\t\t\t\t<\/div>\n\t\t\t\t<\/div>\n\t\t\t\t<div class=\"elementor-element elementor-element-3f89d53 elementor-widget elementor-widget-heading\" data-id=\"3f89d53\" data-element_type=\"widget\" data-e-type=\"widget\" data-widget_type=\"heading.default\">\n\t\t\t\t<div class=\"elementor-widget-container\">\n\t\t\t\t\t<h5 class=\"elementor-heading-title elementor-size-default\">Noticias destacadas<\/h5>\t\t\t\t<\/div>\n\t\t\t\t<\/div>\n\t\t\t\t<div class=\"elementor-element elementor-element-2463b8f8 elementor-widget-divider--view-line elementor-widget elementor-widget-divider\" data-id=\"2463b8f8\" data-element_type=\"widget\" data-e-type=\"widget\" data-widget_type=\"divider.default\">\n\t\t\t\t<div class=\"elementor-widget-container\">\n\t\t\t\t\t\t\t<div class=\"elementor-divider\">\n\t\t\t<span class=\"elementor-divider-separator\">\n\t\t\t\t\t\t<\/span>\n\t\t<\/div>\n\t\t\t\t\t\t<\/div>\n\t\t\t\t<\/div>\n\t\t\t\t<div class=\"elementor-element elementor-element-56a0bbf0 elementor-grid-1 elementor-grid-tablet-2 elementor-grid-mobile-1 elementor-posts--thumbnail-top elementor-widget elementor-widget-posts\" data-id=\"56a0bbf0\" data-element_type=\"widget\" data-e-type=\"widget\" data-settings=\"{&quot;classic_columns&quot;:&quot;1&quot;,&quot;classic_columns_tablet&quot;:&quot;2&quot;,&quot;classic_columns_mobile&quot;:&quot;1&quot;,&quot;classic_row_gap&quot;:{&quot;unit&quot;:&quot;px&quot;,&quot;size&quot;:35,&quot;sizes&quot;:[]},&quot;classic_row_gap_laptop&quot;:{&quot;unit&quot;:&quot;px&quot;,&quot;size&quot;:&quot;&quot;,&quot;sizes&quot;:[]},&quot;classic_row_gap_tablet&quot;:{&quot;unit&quot;:&quot;px&quot;,&quot;size&quot;:&quot;&quot;,&quot;sizes&quot;:[]},&quot;classic_row_gap_mobile&quot;:{&quot;unit&quot;:&quot;px&quot;,&quot;size&quot;:&quot;&quot;,&quot;sizes&quot;:[]}}\" data-widget_type=\"posts.classic\">\n\t\t\t\t<div class=\"elementor-widget-container\">\n\t\t\t\t\t\t\t<div class=\"elementor-posts-container elementor-posts elementor-posts--skin-classic elementor-grid\" role=\"list\">\n\t\t\t\t<article class=\"elementor-post elementor-grid-item post-17163 post type-post status-publish format-standard has-post-thumbnail hentry category-grupo-fabrez category-metalfab tag-fabrez tag-fabrez-group tag-metalfab tag-transformados-metalicos\" role=\"listitem\">\n\t\t\t\t<a class=\"elementor-post__thumbnail__link\" href=\"https:\/\/www.fabrezgroup.com\/home\/grupo-fabrez\/fabricacion-avanzada-y-transformado-metalico-de-maxima-precision\/\" tabindex=\"-1\" >\n\t\t\t<div class=\"elementor-post__thumbnail\"><img loading=\"lazy\" decoding=\"async\" width=\"300\" height=\"188\" src=\"https:\/\/www.fabrezgroup.com\/home\/wp-content\/uploads\/2022\/06\/Transformacio\u0301n-Industrial-6-300x188.jpg\" class=\"attachment-medium size-medium wp-image-436\" alt=\"\" srcset=\"https:\/\/www.fabrezgroup.com\/home\/wp-content\/uploads\/2022\/06\/Transformacio\u0301n-Industrial-6-300x188.jpg 300w, https:\/\/www.fabrezgroup.com\/home\/wp-content\/uploads\/2022\/06\/Transformacio\u0301n-Industrial-6-1024x640.jpg 1024w, https:\/\/www.fabrezgroup.com\/home\/wp-content\/uploads\/2022\/06\/Transformacio\u0301n-Industrial-6-768x480.jpg 768w, https:\/\/www.fabrezgroup.com\/home\/wp-content\/uploads\/2022\/06\/Transformacio\u0301n-Industrial-6-1536x960.jpg 1536w, https:\/\/www.fabrezgroup.com\/home\/wp-content\/uploads\/2022\/06\/Transformacio\u0301n-Industrial-6.jpg 1920w\" sizes=\"(max-width: 300px) 100vw, 300px\" \/><\/div>\n\t\t<\/a>\n\t\t\t\t<div class=\"elementor-post__text\">\n\t\t\t\t<h4 class=\"elementor-post__title\">\n\t\t\t<a href=\"https:\/\/www.fabrezgroup.com\/home\/grupo-fabrez\/fabricacion-avanzada-y-transformado-metalico-de-maxima-precision\/\" >\n\t\t\t\tFabricaci\u00f3n avanzada y transformado met\u00e1lico de m\u00e1xima precisi\u00f3n\t\t\t<\/a>\n\t\t<\/h4>\n\t\t\t\t<div class=\"elementor-post__meta-data\">\n\t\t\t\t\t<span class=\"elementor-post-date\">\n\t\t\tmarzo 9, 2026\t\t<\/span>\n\t\t\t\t<\/div>\n\t\t\t\t<\/div>\n\t\t\t\t<\/article>\n\t\t\t\t<article class=\"elementor-post elementor-grid-item post-17170 post type-post status-publish format-standard has-post-thumbnail hentry category-carclean category-ecomove category-grupo-fabrez tag-carclean tag-carro-barrendero-electrico tag-carros-barrenderos tag-carros-barrenderos-electricos tag-ecomove tag-fabrez tag-fabrez-group tag-getxo\" role=\"listitem\">\n\t\t\t\t<a class=\"elementor-post__thumbnail__link\" href=\"https:\/\/www.fabrezgroup.com\/home\/grupo-fabrez\/getxo-moderniza-carros-barrenderos-electricos\/\" tabindex=\"-1\" >\n\t\t\t<div class=\"elementor-post__thumbnail\"><img loading=\"lazy\" decoding=\"async\" width=\"300\" height=\"169\" src=\"https:\/\/www.fabrezgroup.com\/home\/wp-content\/uploads\/2026\/03\/Carclean-Electrico-300x169.webp\" class=\"attachment-medium size-medium wp-image-17180\" alt=\"Carclean - Carro Barrendero El\u00e9ctrico\" srcset=\"https:\/\/www.fabrezgroup.com\/home\/wp-content\/uploads\/2026\/03\/Carclean-Electrico-300x169.webp 300w, https:\/\/www.fabrezgroup.com\/home\/wp-content\/uploads\/2026\/03\/Carclean-Electrico-1024x575.webp 1024w, https:\/\/www.fabrezgroup.com\/home\/wp-content\/uploads\/2026\/03\/Carclean-Electrico-768x432.webp 768w, https:\/\/www.fabrezgroup.com\/home\/wp-content\/uploads\/2026\/03\/Carclean-Electrico-1536x863.webp 1536w, https:\/\/www.fabrezgroup.com\/home\/wp-content\/uploads\/2026\/03\/Carclean-Electrico.webp 1920w\" sizes=\"(max-width: 300px) 100vw, 300px\" \/><\/div>\n\t\t<\/a>\n\t\t\t\t<div class=\"elementor-post__text\">\n\t\t\t\t<h4 class=\"elementor-post__title\">\n\t\t\t<a href=\"https:\/\/www.fabrezgroup.com\/home\/grupo-fabrez\/getxo-moderniza-carros-barrenderos-electricos\/\" >\n\t\t\t\tGetxo moderniza carros barrenderos el\u00e9ctricos\t\t\t<\/a>\n\t\t<\/h4>\n\t\t\t\t<div class=\"elementor-post__meta-data\">\n\t\t\t\t\t<span class=\"elementor-post-date\">\n\t\t\tmarzo 5, 2026\t\t<\/span>\n\t\t\t\t<\/div>\n\t\t\t\t<\/div>\n\t\t\t\t<\/article>\n\t\t\t\t<article class=\"elementor-post elementor-grid-item post-17125 post type-post status-publish format-standard has-post-thumbnail hentry category-cleancity category-grupo-fabrez category-soterrados tag-ayuntamiento-de-fuengirola tag-cleancity tag-contenedores-soterrados tag-fabrez tag-fabrez-group\" role=\"listitem\">\n\t\t\t\t<a class=\"elementor-post__thumbnail__link\" href=\"https:\/\/www.fabrezgroup.com\/home\/grupo-fabrez\/fuengirola-moderniza-sus-islas-ecologicas-con-nuevos-soterrados\/\" tabindex=\"-1\" >\n\t\t\t<div class=\"elementor-post__thumbnail\"><img loading=\"lazy\" decoding=\"async\" width=\"300\" height=\"176\" src=\"https:\/\/www.fabrezgroup.com\/home\/wp-content\/uploads\/2026\/03\/FUENGIROLA-2-300x176.webp\" class=\"attachment-medium size-medium wp-image-17138\" alt=\"Soterrados Fuengirola\" srcset=\"https:\/\/www.fabrezgroup.com\/home\/wp-content\/uploads\/2026\/03\/FUENGIROLA-2-300x176.webp 300w, https:\/\/www.fabrezgroup.com\/home\/wp-content\/uploads\/2026\/03\/FUENGIROLA-2-1024x600.webp 1024w, https:\/\/www.fabrezgroup.com\/home\/wp-content\/uploads\/2026\/03\/FUENGIROLA-2-768x450.webp 768w, https:\/\/www.fabrezgroup.com\/home\/wp-content\/uploads\/2026\/03\/FUENGIROLA-2-1536x900.webp 1536w, https:\/\/www.fabrezgroup.com\/home\/wp-content\/uploads\/2026\/03\/FUENGIROLA-2.webp 1600w\" sizes=\"(max-width: 300px) 100vw, 300px\" \/><\/div>\n\t\t<\/a>\n\t\t\t\t<div class=\"elementor-post__text\">\n\t\t\t\t<h4 class=\"elementor-post__title\">\n\t\t\t<a href=\"https:\/\/www.fabrezgroup.com\/home\/grupo-fabrez\/fuengirola-moderniza-sus-islas-ecologicas-con-nuevos-soterrados\/\" >\n\t\t\t\tFuengirola moderniza sus islas ecol\u00f3gicas con nuevos soterrados\t\t\t<\/a>\n\t\t<\/h4>\n\t\t\t\t<div class=\"elementor-post__meta-data\">\n\t\t\t\t\t<span class=\"elementor-post-date\">\n\t\t\tmarzo 3, 2026\t\t<\/span>\n\t\t\t\t<\/div>\n\t\t\t\t<\/div>\n\t\t\t\t<\/article>\n\t\t\t\t<\/div>\n\t\t\n\t\t\t\t\t\t<\/div>\n\t\t\t\t<\/div>\n\t\t\t\t<div class=\"elementor-element elementor-element-6c8dac91 elementor-widget elementor-widget-spacer\" data-id=\"6c8dac91\" data-element_type=\"widget\" data-e-type=\"widget\" data-widget_type=\"spacer.default\">\n\t\t\t\t<div class=\"elementor-widget-container\">\n\t\t\t\t\t\t\t<div class=\"elementor-spacer\">\n\t\t\t<div class=\"elementor-spacer-inner\"><\/div>\n\t\t<\/div>\n\t\t\t\t\t\t<\/div>\n\t\t\t\t<\/div>\n\t\t\t\t<div class=\"elementor-element elementor-element-6447929a elementor-widget elementor-widget-heading\" data-id=\"6447929a\" data-element_type=\"widget\" data-e-type=\"widget\" data-widget_type=\"heading.default\">\n\t\t\t\t<div class=\"elementor-widget-container\">\n\t\t\t\t\t<h5 class=\"elementor-heading-title elementor-size-default\">Nuevos productos<\/h5>\t\t\t\t<\/div>\n\t\t\t\t<\/div>\n\t\t\t\t<div class=\"elementor-element elementor-element-1bc9c0c elementor-widget-divider--view-line elementor-widget elementor-widget-divider\" data-id=\"1bc9c0c\" data-element_type=\"widget\" data-e-type=\"widget\" data-widget_type=\"divider.default\">\n\t\t\t\t<div class=\"elementor-widget-container\">\n\t\t\t\t\t\t\t<div class=\"elementor-divider\">\n\t\t\t<span class=\"elementor-divider-separator\">\n\t\t\t\t\t\t<\/span>\n\t\t<\/div>\n\t\t\t\t\t\t<\/div>\n\t\t\t\t<\/div>\n\t\t\t\t<div class=\"elementor-element elementor-element-220ed575 elementor-cta--valign-bottom elementor-cta--skin-classic elementor-animated-content elementor-bg-transform elementor-bg-transform-zoom-in elementor-widget elementor-widget-call-to-action\" data-id=\"220ed575\" data-element_type=\"widget\" data-e-type=\"widget\" data-widget_type=\"call-to-action.default\">\n\t\t\t\t<div class=\"elementor-widget-container\">\n\t\t\t\t\t\t\t<a class=\"elementor-cta\" href=\"https:\/\/www.fabrezgroup.com\/home\/cleancity\/superficie\/#Lateral\">\n\t\t\t\t\t<div class=\"elementor-cta__bg-wrapper\">\n\t\t\t\t<div class=\"elementor-cta__bg elementor-bg\" style=\"background-image: url(https:\/\/www.fabrezgroup.com\/home\/wp-content\/uploads\/2022\/06\/NewProduct_EVA-768x640.jpg);\" role=\"img\" aria-label=\"Fabrez Group, Contenedor de superficie, Contenedores, Carga Lateral.\"><\/div>\n\t\t\t\t<div class=\"elementor-cta__bg-overlay\"><\/div>\n\t\t\t<\/div>\n\t\t\t\t\t\t\t<div class=\"elementor-cta__content\">\n\t\t\t\t\n\t\t\t\t\t\t\t\t\t<h2 class=\"elementor-cta__title elementor-cta__content-item elementor-content-item\">\n\t\t\t\t\t\tContenedor EVA\t\t\t\t\t<\/h2>\n\t\t\t\t\n\t\t\t\t\t\t\t\t\t<div class=\"elementor-cta__description elementor-cta__content-item elementor-content-item\">\n\t\t\t\t\t\tCarga Lateral\t\t\t\t\t<\/div>\n\t\t\t\t\n\t\t\t\t\t\t\t<\/div>\n\t\t\t\t\t\t<\/a>\n\t\t\t\t\t\t<\/div>\n\t\t\t\t<\/div>\n\t\t\t\t<div class=\"elementor-element elementor-element-223b2ad6 elementor-cta--valign-bottom elementor-cta--skin-classic elementor-animated-content elementor-bg-transform elementor-bg-transform-zoom-in elementor-widget elementor-widget-call-to-action\" data-id=\"223b2ad6\" data-element_type=\"widget\" data-e-type=\"widget\" data-widget_type=\"call-to-action.default\">\n\t\t\t\t<div class=\"elementor-widget-container\">\n\t\t\t\t\t\t\t<a class=\"elementor-cta\" href=\"https:\/\/www.fabrezgroup.com\/home\/ecomove\/carclean\/#Carclean\">\n\t\t\t\t\t<div class=\"elementor-cta__bg-wrapper\">\n\t\t\t\t<div class=\"elementor-cta__bg elementor-bg\" style=\"background-image: url(https:\/\/www.fabrezgroup.com\/home\/wp-content\/uploads\/2022\/06\/Carclean-1-768x480.jpg);\" role=\"img\" aria-label=\"Carclean (1)\"><\/div>\n\t\t\t\t<div class=\"elementor-cta__bg-overlay\"><\/div>\n\t\t\t<\/div>\n\t\t\t\t\t\t\t<div class=\"elementor-cta__content\">\n\t\t\t\t\n\t\t\t\t\t\t\t\t\t<h2 class=\"elementor-cta__title elementor-cta__content-item elementor-content-item\">\n\t\t\t\t\t\tCarclean\t\t\t\t\t<\/h2>\n\t\t\t\t\n\t\t\t\t\t\t\t\t\t<div class=\"elementor-cta__description elementor-cta__content-item elementor-content-item\">\n\t\t\t\t\t\tVeh\u00edculos El\u00e9ctricos\t\t\t\t\t<\/div>\n\t\t\t\t\n\t\t\t\t\t\t\t<\/div>\n\t\t\t\t\t\t<\/a>\n\t\t\t\t\t\t<\/div>\n\t\t\t\t<\/div>\n\t\t\t\t<div class=\"elementor-element elementor-element-3920b337 elementor-cta--valign-bottom elementor-cta--skin-classic elementor-animated-content elementor-bg-transform elementor-bg-transform-zoom-in elementor-widget elementor-widget-call-to-action\" data-id=\"3920b337\" data-element_type=\"widget\" data-e-type=\"widget\" data-widget_type=\"call-to-action.default\">\n\t\t\t\t<div class=\"elementor-widget-container\">\n\t\t\t\t\t\t\t<a class=\"elementor-cta\" href=\"https:\/\/www.fabrezgroup.com\/home\/cleancity\/cubre-contenedores\/#Qsmall\">\n\t\t\t\t\t<div class=\"elementor-cta__bg-wrapper\">\n\t\t\t\t<div class=\"elementor-cta__bg elementor-bg\" style=\"background-image: url(https:\/\/www.fabrezgroup.com\/home\/wp-content\/uploads\/2022\/06\/Cubrecontenedor-5-768x480.jpg);\" role=\"img\" aria-label=\"Cubrecontenedor (5)\"><\/div>\n\t\t\t\t<div class=\"elementor-cta__bg-overlay\"><\/div>\n\t\t\t<\/div>\n\t\t\t\t\t\t\t<div class=\"elementor-cta__content\">\n\t\t\t\t\n\t\t\t\t\t\t\t\t\t<h2 class=\"elementor-cta__title elementor-cta__content-item elementor-content-item\">\n\t\t\t\t\t\tQ-Small\t\t\t\t\t<\/h2>\n\t\t\t\t\n\t\t\t\t\t\t\t\t\t<div class=\"elementor-cta__description elementor-cta__content-item elementor-content-item\">\n\t\t\t\t\t\tCubre-Contenedor\t\t\t\t\t<\/div>\n\t\t\t\t\n\t\t\t\t\t\t\t<\/div>\n\t\t\t\t\t\t<\/a>\n\t\t\t\t\t\t<\/div>\n\t\t\t\t<\/div>\n\t\t\t\t<section class=\"elementor-section elementor-inner-section elementor-element elementor-element-c2bc03a elementor-section-boxed elementor-section-height-default elementor-section-height-default\" data-id=\"c2bc03a\" data-element_type=\"section\" data-e-type=\"section\" data-settings=\"{&quot;sticky&quot;:&quot;top&quot;,&quot;sticky_on&quot;:[&quot;desktop&quot;,&quot;laptop&quot;,&quot;tablet&quot;,&quot;mobile&quot;],&quot;sticky_offset&quot;:0,&quot;sticky_effects_offset&quot;:0,&quot;sticky_anchor_link_offset&quot;:0}\">\n\t\t\t\t\t\t<div class=\"elementor-container elementor-column-gap-default\">\n\t\t\t\t\t<div class=\"elementor-column elementor-col-100 elementor-inner-column elementor-element elementor-element-c48760e\" data-id=\"c48760e\" data-element_type=\"column\" data-e-type=\"column\">\n\t\t\t<div class=\"elementor-widget-wrap elementor-element-populated\">\n\t\t\t\t\t\t<div class=\"elementor-element elementor-element-36040ad9 elementor-widget elementor-widget-spacer\" data-id=\"36040ad9\" data-element_type=\"widget\" data-e-type=\"widget\" data-widget_type=\"spacer.default\">\n\t\t\t\t<div class=\"elementor-widget-container\">\n\t\t\t\t\t\t\t<div class=\"elementor-spacer\">\n\t\t\t<div class=\"elementor-spacer-inner\"><\/div>\n\t\t<\/div>\n\t\t\t\t\t\t<\/div>\n\t\t\t\t<\/div>\n\t\t\t\t<div class=\"elementor-element elementor-element-242d5fb4 elementor-widget elementor-widget-heading\" data-id=\"242d5fb4\" data-element_type=\"widget\" data-e-type=\"widget\" data-widget_type=\"heading.default\">\n\t\t\t\t<div class=\"elementor-widget-container\">\n\t\t\t\t\t<h5 class=\"elementor-heading-title elementor-size-default\">L\u00edneas de Negocio<\/h5>\t\t\t\t<\/div>\n\t\t\t\t<\/div>\n\t\t\t\t<div class=\"elementor-element elementor-element-7c31540d elementor-widget-divider--view-line elementor-widget elementor-widget-divider\" data-id=\"7c31540d\" data-element_type=\"widget\" data-e-type=\"widget\" data-widget_type=\"divider.default\">\n\t\t\t\t<div class=\"elementor-widget-container\">\n\t\t\t\t\t\t\t<div class=\"elementor-divider\">\n\t\t\t<span class=\"elementor-divider-separator\">\n\t\t\t\t\t\t<\/span>\n\t\t<\/div>\n\t\t\t\t\t\t<\/div>\n\t\t\t\t<\/div>\n\t\t\t\t<div class=\"elementor-element elementor-element-1ad67f10 elementor-cta--skin-cover elementor-cta--valign-middle elementor-animated-content elementor-bg-transform elementor-bg-transform-zoom-in elementor-widget elementor-widget-call-to-action\" data-id=\"1ad67f10\" data-element_type=\"widget\" data-e-type=\"widget\" data-widget_type=\"call-to-action.default\">\n\t\t\t\t<div class=\"elementor-widget-container\">\n\t\t\t\t\t\t\t<a class=\"elementor-cta\" href=\"https:\/\/www.fabrezgroup.com\/home\/cleancity\">\n\t\t\t\t\t<div class=\"elementor-cta__bg-wrapper\">\n\t\t\t\t<div class=\"elementor-cta__bg elementor-bg\" style=\"background-image: url();\" role=\"img\" aria-label=\"\"><\/div>\n\t\t\t\t<div class=\"elementor-cta__bg-overlay\"><\/div>\n\t\t\t<\/div>\n\t\t\t\t\t\t\t<div class=\"elementor-cta__content\">\n\t\t\t\t\t\t\t\t\t<div class=\"elementor-content-item elementor-cta__content-item elementor-cta__image elementor-animated-item--grow\">\n\t\t\t\t\t\t<img loading=\"lazy\" decoding=\"async\" width=\"768\" height=\"768\" src=\"https:\/\/www.fabrezgroup.com\/home\/wp-content\/uploads\/2022\/06\/Icon_Capacidad-768x768.png\" class=\"attachment-medium_large size-medium_large wp-image-876\" alt=\"\" srcset=\"https:\/\/www.fabrezgroup.com\/home\/wp-content\/uploads\/2022\/06\/Icon_Capacidad-768x768.png 768w, https:\/\/www.fabrezgroup.com\/home\/wp-content\/uploads\/2022\/06\/Icon_Capacidad-300x300.png 300w, https:\/\/www.fabrezgroup.com\/home\/wp-content\/uploads\/2022\/06\/Icon_Capacidad-150x150.png 150w, https:\/\/www.fabrezgroup.com\/home\/wp-content\/uploads\/2022\/06\/Icon_Capacidad.png 800w\" sizes=\"(max-width: 768px) 100vw, 768px\" \/>\t\t\t\t\t<\/div>\n\t\t\t\t\n\t\t\t\t\t\t\t\t\t<h2 class=\"elementor-cta__title elementor-cta__content-item elementor-content-item elementor-animated-item--grow\">\n\t\t\t\t\t\tcleancity\t\t\t\t\t<\/h2>\n\t\t\t\t\n\t\t\t\t\n\t\t\t\t\t\t\t<\/div>\n\t\t\t\t\t\t<\/a>\n\t\t\t\t\t\t<\/div>\n\t\t\t\t<\/div>\n\t\t\t\t<div class=\"elementor-element elementor-element-2696d010 elementor-cta--skin-cover elementor-cta--valign-middle elementor-animated-content elementor-bg-transform elementor-bg-transform-zoom-in elementor-widget elementor-widget-call-to-action\" data-id=\"2696d010\" data-element_type=\"widget\" data-e-type=\"widget\" data-widget_type=\"call-to-action.default\">\n\t\t\t\t<div class=\"elementor-widget-container\">\n\t\t\t\t\t\t\t<a class=\"elementor-cta\" href=\"https:\/\/www.fabrezgroup.com\/home\/ecomove\">\n\t\t\t\t\t<div class=\"elementor-cta__bg-wrapper\">\n\t\t\t\t<div class=\"elementor-cta__bg elementor-bg\" style=\"background-image: url();\" role=\"img\" aria-label=\"\"><\/div>\n\t\t\t\t<div class=\"elementor-cta__bg-overlay\"><\/div>\n\t\t\t<\/div>\n\t\t\t\t\t\t\t<div class=\"elementor-cta__content\">\n\t\t\t\t\t\t\t\t\t<div class=\"elementor-content-item elementor-cta__content-item elementor-cta__image elementor-animated-item--grow\">\n\t\t\t\t\t\t<img loading=\"lazy\" decoding=\"async\" width=\"768\" height=\"768\" src=\"https:\/\/www.fabrezgroup.com\/home\/wp-content\/uploads\/2022\/06\/Icon_maniobrable-768x768.png\" class=\"attachment-medium_large size-medium_large wp-image-1144\" alt=\"\" srcset=\"https:\/\/www.fabrezgroup.com\/home\/wp-content\/uploads\/2022\/06\/Icon_maniobrable-768x768.png 768w, https:\/\/www.fabrezgroup.com\/home\/wp-content\/uploads\/2022\/06\/Icon_maniobrable-300x300.png 300w, https:\/\/www.fabrezgroup.com\/home\/wp-content\/uploads\/2022\/06\/Icon_maniobrable-150x150.png 150w, https:\/\/www.fabrezgroup.com\/home\/wp-content\/uploads\/2022\/06\/Icon_maniobrable.png 800w\" sizes=\"(max-width: 768px) 100vw, 768px\" \/>\t\t\t\t\t<\/div>\n\t\t\t\t\n\t\t\t\t\t\t\t\t\t<h2 class=\"elementor-cta__title elementor-cta__content-item elementor-content-item elementor-animated-item--grow\">\n\t\t\t\t\t\tecomove\t\t\t\t\t<\/h2>\n\t\t\t\t\n\t\t\t\t\n\t\t\t\t\t\t\t<\/div>\n\t\t\t\t\t\t<\/a>\n\t\t\t\t\t\t<\/div>\n\t\t\t\t<\/div>\n\t\t\t\t<div class=\"elementor-element elementor-element-6626646e elementor-cta--skin-cover elementor-cta--valign-middle elementor-animated-content elementor-bg-transform elementor-bg-transform-zoom-in elementor-widget elementor-widget-call-to-action\" data-id=\"6626646e\" data-element_type=\"widget\" data-e-type=\"widget\" data-widget_type=\"call-to-action.default\">\n\t\t\t\t<div class=\"elementor-widget-container\">\n\t\t\t\t\t\t\t<a class=\"elementor-cta\" href=\"https:\/\/www.fabrezgroup.com\/home\/transformados-metalicos\/\">\n\t\t\t\t\t<div class=\"elementor-cta__bg-wrapper\">\n\t\t\t\t<div class=\"elementor-cta__bg elementor-bg\" style=\"background-image: url();\" role=\"img\" aria-label=\"\"><\/div>\n\t\t\t\t<div class=\"elementor-cta__bg-overlay\"><\/div>\n\t\t\t<\/div>\n\t\t\t\t\t\t\t<div class=\"elementor-cta__content\">\n\t\t\t\t\t\t\t\t\t<div class=\"elementor-content-item elementor-cta__content-item elementor-cta__image elementor-animated-item--grow\">\n\t\t\t\t\t\t<img loading=\"lazy\" decoding=\"async\" width=\"768\" height=\"768\" src=\"https:\/\/www.fabrezgroup.com\/home\/wp-content\/uploads\/2022\/06\/Icon_Lineas_Trans-768x768.png\" class=\"attachment-medium_large size-medium_large wp-image-134\" alt=\"\" srcset=\"https:\/\/www.fabrezgroup.com\/home\/wp-content\/uploads\/2022\/06\/Icon_Lineas_Trans-768x768.png 768w, https:\/\/www.fabrezgroup.com\/home\/wp-content\/uploads\/2022\/06\/Icon_Lineas_Trans-300x300.png 300w, https:\/\/www.fabrezgroup.com\/home\/wp-content\/uploads\/2022\/06\/Icon_Lineas_Trans-1024x1024.png 1024w, https:\/\/www.fabrezgroup.com\/home\/wp-content\/uploads\/2022\/06\/Icon_Lineas_Trans-150x150.png 150w, https:\/\/www.fabrezgroup.com\/home\/wp-content\/uploads\/2022\/06\/Icon_Lineas_Trans.png 1100w\" sizes=\"(max-width: 768px) 100vw, 768px\" \/>\t\t\t\t\t<\/div>\n\t\t\t\t\n\t\t\t\t\t\t\t\t\t<h2 class=\"elementor-cta__title elementor-cta__content-item elementor-content-item elementor-animated-item--grow\">\n\t\t\t\t\t\tmetalfab\t\t\t\t\t<\/h2>\n\t\t\t\t\n\t\t\t\t\n\t\t\t\t\t\t\t<\/div>\n\t\t\t\t\t\t<\/a>\n\t\t\t\t\t\t<\/div>\n\t\t\t\t<\/div>\n\t\t\t\t<div class=\"elementor-element elementor-element-51b28f77 elementor-cta--skin-cover elementor-cta--valign-middle elementor-animated-content elementor-bg-transform elementor-bg-transform-zoom-in elementor-widget elementor-widget-call-to-action\" data-id=\"51b28f77\" data-element_type=\"widget\" data-e-type=\"widget\" data-widget_type=\"call-to-action.default\">\n\t\t\t\t<div class=\"elementor-widget-container\">\n\t\t\t\t\t\t\t<a class=\"elementor-cta\" href=\"https:\/\/www.fabrezgroup.com\/home\/agrifab\">\n\t\t\t\t\t<div class=\"elementor-cta__bg-wrapper\">\n\t\t\t\t<div class=\"elementor-cta__bg elementor-bg\" style=\"background-image: url();\" role=\"img\" aria-label=\"\"><\/div>\n\t\t\t\t<div class=\"elementor-cta__bg-overlay\"><\/div>\n\t\t\t<\/div>\n\t\t\t\t\t\t\t<div class=\"elementor-cta__content\">\n\t\t\t\t\t\t\t\t\t<div class=\"elementor-content-item elementor-cta__content-item elementor-cta__image elementor-animated-item--grow\">\n\t\t\t\t\t\t<img loading=\"lazy\" decoding=\"async\" width=\"768\" height=\"768\" src=\"https:\/\/www.fabrezgroup.com\/home\/wp-content\/uploads\/2022\/06\/Icon_Lineas_Riego-768x768.png\" class=\"attachment-medium_large size-medium_large wp-image-133\" alt=\"\" srcset=\"https:\/\/www.fabrezgroup.com\/home\/wp-content\/uploads\/2022\/06\/Icon_Lineas_Riego-768x768.png 768w, https:\/\/www.fabrezgroup.com\/home\/wp-content\/uploads\/2022\/06\/Icon_Lineas_Riego-300x300.png 300w, https:\/\/www.fabrezgroup.com\/home\/wp-content\/uploads\/2022\/06\/Icon_Lineas_Riego-1024x1024.png 1024w, https:\/\/www.fabrezgroup.com\/home\/wp-content\/uploads\/2022\/06\/Icon_Lineas_Riego-150x150.png 150w, https:\/\/www.fabrezgroup.com\/home\/wp-content\/uploads\/2022\/06\/Icon_Lineas_Riego.png 1100w\" sizes=\"(max-width: 768px) 100vw, 768px\" \/>\t\t\t\t\t<\/div>\n\t\t\t\t\n\t\t\t\t\t\t\t\t\t<h2 class=\"elementor-cta__title elementor-cta__content-item elementor-content-item elementor-animated-item--grow\">\n\t\t\t\t\t\tagrifab\t\t\t\t\t<\/h2>\n\t\t\t\t\n\t\t\t\t\n\t\t\t\t\t\t\t<\/div>\n\t\t\t\t\t\t<\/a>\n\t\t\t\t\t\t<\/div>\n\t\t\t\t<\/div>\n\t\t\t\t<div class=\"elementor-element elementor-element-628cfb2 elementor-widget elementor-widget-spacer\" data-id=\"628cfb2\" data-element_type=\"widget\" data-e-type=\"widget\" data-widget_type=\"spacer.default\">\n\t\t\t\t<div class=\"elementor-widget-container\">\n\t\t\t\t\t\t\t<div class=\"elementor-spacer\">\n\t\t\t<div class=\"elementor-spacer-inner\"><\/div>\n\t\t<\/div>\n\t\t\t\t\t\t<\/div>\n\t\t\t\t<\/div>\n\t\t\t\t\t<\/div>\n\t\t<\/div>\n\t\t\t\t\t<\/div>\n\t\t<\/section>\n\t\t\t\t\t<\/div>\n\t\t<\/div>\n\t\t\t\t\t<\/div>\n\t\t<\/section>\n\t\t\t\t<\/div>\n\t\t<\/div>\n\t\t\t\t\t\t<\/div>\n\t\t\t\t<\/div>\n\t\t\t\t\t<\/div>\n\t\t<\/div>\n\t\t\t\t\t<\/div>\n\t\t<\/section>\n\t\t\t\t<\/div>\n\t\t","protected":false},"excerpt":{"rendered":"<p>NOTICIAS DESTACADAS Benalm\u00e1dena instala m\u00e1s de 400 contenedores soterrados de carga superior de Fabrez. Uno de los proyectos m\u00e1s relevantes en la Costa del Sol,<\/p>\n","protected":false},"author":1,"featured_media":16302,"comment_status":"closed","ping_status":"closed","sticky":false,"template":"","format":"standard","meta":{"_monsterinsights_skip_tracking":false,"_monsterinsights_sitenote_active":false,"_monsterinsights_sitenote_note":"","_monsterinsights_sitenote_category":0,"site-sidebar-layout":"default","site-content-layout":"default","ast-site-content-layout":"default","site-content-style":"default","site-sidebar-style":"default","ast-global-header-display":"","ast-banner-title-visibility":"","ast-main-header-display":"","ast-hfb-above-header-display":"","ast-hfb-below-header-display":"","ast-hfb-mobile-header-display":"","site-post-title":"","ast-breadcrumbs-content":"","ast-featured-img":"disabled","footer-sml-layout":"","ast-disable-related-posts":"","theme-transparent-header-meta":"","adv-header-id-meta":"","stick-header-meta":"","header-above-stick-meta":"","header-main-stick-meta":"","header-below-stick-meta":"","astra-migrate-meta-layouts":"set","ast-page-background-enabled":"default","ast-page-background-meta":{"desktop":{"background-color":"var(--ast-global-color-4)","background-image":"","background-repeat":"repeat","background-position":"center center","background-size":"auto","background-attachment":"scroll","background-type":"","background-media":"","overlay-type":"","overlay-color":"","overlay-opacity":"","overlay-gradient":""},"tablet":{"background-color":"","background-image":"","background-repeat":"repeat","background-position":"center center","background-size":"auto","background-attachment":"scroll","background-type":"","background-media":"","overlay-type":"","overlay-color":"","overlay-opacity":"","overlay-gradient":""},"mobile":{"background-color":"","background-image":"","background-repeat":"repeat","background-position":"center center","background-size":"auto","background-attachment":"scroll","background-type":"","background-media":"","overlay-type":"","overlay-color":"","overlay-opacity":"","overlay-gradient":""}},"ast-content-background-meta":{"desktop":{"background-color":"var(--ast-global-color-5)","background-image":"","background-repeat":"repeat","background-position":"center center","background-size":"auto","background-attachment":"scroll","background-type":"","background-media":"","overlay-type":"","overlay-color":"","overlay-opacity":"","overlay-gradient":""},"tablet":{"background-color":"var(--ast-global-color-5)","background-image":"","background-repeat":"repeat","background-position":"center center","background-size":"auto","background-attachment":"scroll","background-type":"","background-media":"","overlay-type":"","overlay-color":"","overlay-opacity":"","overlay-gradient":""},"mobile":{"background-color":"var(--ast-global-color-5)","background-image":"","background-repeat":"repeat","background-position":"center center","background-size":"auto","background-attachment":"scroll","background-type":"","background-media":"","overlay-type":"","overlay-color":"","overlay-opacity":"","overlay-gradient":""}},"_jetpack_memberships_contains_paid_content":false,"footnotes":""},"categories":[14,24,18],"tags":[118,119,36,62,99,35],"class_list":["post-16299","post","type-post","status-publish","format-standard","has-post-thumbnail","hentry","category-cleancity","category-grupo-fabrez","category-soterrados","tag-ayuntamiento-de-benalmadena","tag-benalmadena","tag-cleancity","tag-contenedores-soterrados","tag-fabrez","tag-fabrez-group"],"yoast_head":"<!-- This site is optimized with the Yoast SEO Premium plugin v23.4 (Yoast SEO v27.4) - https:\/\/yoast.com\/product\/yoast-seo-premium-wordpress\/ -->\n<title>Benalm\u00e1dena instala 400 contenedores soterrados - Fabrez Group<\/title>\n<meta name=\"description\" content=\"Benalm\u00e1dena renueva su gesti\u00f3n de residuos con 400 contenedores soterrados, mejorando sostenibilidad, accesibilidad y eficiencia urbana.\" \/>\n<meta name=\"robots\" content=\"index, follow, max-snippet:-1, max-image-preview:large, max-video-preview:-1\" \/>\n<link rel=\"canonical\" href=\"https:\/\/www.fabrezgroup.com\/home\/cleancity\/benalmadena-instala-400-contenedores-soterrados\/\" \/>\n<meta property=\"og:locale\" content=\"es_ES\" \/>\n<meta property=\"og:type\" content=\"article\" \/>\n<meta property=\"og:title\" content=\"Benalm\u00e1dena instala 400 contenedores soterrados\" \/>\n<meta property=\"og:description\" content=\"Benalm\u00e1dena renueva su gesti\u00f3n de residuos con 400 contenedores soterrados, mejorando sostenibilidad, accesibilidad y eficiencia urbana.\" \/>\n<meta property=\"og:url\" content=\"https:\/\/www.fabrezgroup.com\/home\/cleancity\/benalmadena-instala-400-contenedores-soterrados\/\" \/>\n<meta property=\"og:site_name\" content=\"Fabrez Group\" \/>\n<meta property=\"article:publisher\" content=\"https:\/\/www.facebook.com\/fabrez.group\/\" \/>\n<meta property=\"article:published_time\" content=\"2025-09-30T06:00:53+00:00\" \/>\n<meta property=\"article:modified_time\" content=\"2025-10-07T11:59:36+00:00\" \/>\n<meta property=\"og:image\" content=\"https:\/\/www.fabrezgroup.com\/home\/wp-content\/uploads\/2025\/09\/Benalmadena-Contenedores-Soterrados-Fabrez-001.webp\" \/>\n\t<meta property=\"og:image:width\" content=\"1920\" \/>\n\t<meta property=\"og:image:height\" content=\"1144\" \/>\n\t<meta property=\"og:image:type\" content=\"image\/webp\" \/>\n<meta name=\"author\" content=\"admin\" \/>\n<meta name=\"twitter:card\" content=\"summary_large_image\" \/>\n<meta name=\"twitter:label1\" content=\"Escrito por\" \/>\n\t<meta name=\"twitter:data1\" content=\"admin\" \/>\n\t<meta name=\"twitter:label2\" content=\"Tiempo de lectura\" \/>\n\t<meta name=\"twitter:data2\" content=\"5 minutos\" \/>\n<script type=\"application\/ld+json\" class=\"yoast-schema-graph\">{\"@context\":\"https:\\\/\\\/schema.org\",\"@graph\":[{\"@type\":\"Article\",\"@id\":\"https:\\\/\\\/www.fabrezgroup.com\\\/home\\\/cleancity\\\/benalmadena-instala-400-contenedores-soterrados\\\/#article\",\"isPartOf\":{\"@id\":\"https:\\\/\\\/www.fabrezgroup.com\\\/home\\\/cleancity\\\/benalmadena-instala-400-contenedores-soterrados\\\/\"},\"author\":{\"name\":\"admin\",\"@id\":\"https:\\\/\\\/www.fabrezgroup.com\\\/home\\\/#\\\/schema\\\/person\\\/6ae0b358a557f626e4ad67c02add53bd\"},\"headline\":\"Benalm\u00e1dena instala 400 contenedores soterrados\",\"datePublished\":\"2025-09-30T06:00:53+00:00\",\"dateModified\":\"2025-10-07T11:59:36+00:00\",\"mainEntityOfPage\":{\"@id\":\"https:\\\/\\\/www.fabrezgroup.com\\\/home\\\/cleancity\\\/benalmadena-instala-400-contenedores-soterrados\\\/\"},\"wordCount\":481,\"publisher\":{\"@id\":\"https:\\\/\\\/www.fabrezgroup.com\\\/home\\\/#organization\"},\"image\":{\"@id\":\"https:\\\/\\\/www.fabrezgroup.com\\\/home\\\/cleancity\\\/benalmadena-instala-400-contenedores-soterrados\\\/#primaryimage\"},\"thumbnailUrl\":\"https:\\\/\\\/www.fabrezgroup.com\\\/home\\\/wp-content\\\/uploads\\\/2025\\\/09\\\/Benalmadena-Contenedores-Soterrados-Fabrez-001.webp\",\"keywords\":[\"Ayuntamiento de Benalm\u00e1dena\",\"Benalm\u00e1dena\",\"Cleancity\",\"Contenedores Soterrados\",\"Fabrez\",\"Fabrez Group\"],\"articleSection\":[\"CLEANCITY\",\"GRUPO FABREZ\",\"SOTERRADOS\"],\"inLanguage\":\"es\"},{\"@type\":\"WebPage\",\"@id\":\"https:\\\/\\\/www.fabrezgroup.com\\\/home\\\/cleancity\\\/benalmadena-instala-400-contenedores-soterrados\\\/\",\"url\":\"https:\\\/\\\/www.fabrezgroup.com\\\/home\\\/cleancity\\\/benalmadena-instala-400-contenedores-soterrados\\\/\",\"name\":\"Benalm\u00e1dena instala 400 contenedores soterrados - Fabrez Group\",\"isPartOf\":{\"@id\":\"https:\\\/\\\/www.fabrezgroup.com\\\/home\\\/#website\"},\"primaryImageOfPage\":{\"@id\":\"https:\\\/\\\/www.fabrezgroup.com\\\/home\\\/cleancity\\\/benalmadena-instala-400-contenedores-soterrados\\\/#primaryimage\"},\"image\":{\"@id\":\"https:\\\/\\\/www.fabrezgroup.com\\\/home\\\/cleancity\\\/benalmadena-instala-400-contenedores-soterrados\\\/#primaryimage\"},\"thumbnailUrl\":\"https:\\\/\\\/www.fabrezgroup.com\\\/home\\\/wp-content\\\/uploads\\\/2025\\\/09\\\/Benalmadena-Contenedores-Soterrados-Fabrez-001.webp\",\"datePublished\":\"2025-09-30T06:00:53+00:00\",\"dateModified\":\"2025-10-07T11:59:36+00:00\",\"description\":\"Benalm\u00e1dena renueva su gesti\u00f3n de residuos con 400 contenedores soterrados, mejorando sostenibilidad, accesibilidad y eficiencia urbana.\",\"breadcrumb\":{\"@id\":\"https:\\\/\\\/www.fabrezgroup.com\\\/home\\\/cleancity\\\/benalmadena-instala-400-contenedores-soterrados\\\/#breadcrumb\"},\"inLanguage\":\"es\",\"potentialAction\":[{\"@type\":\"ReadAction\",\"target\":[\"https:\\\/\\\/www.fabrezgroup.com\\\/home\\\/cleancity\\\/benalmadena-instala-400-contenedores-soterrados\\\/\"]}]},{\"@type\":\"ImageObject\",\"inLanguage\":\"es\",\"@id\":\"https:\\\/\\\/www.fabrezgroup.com\\\/home\\\/cleancity\\\/benalmadena-instala-400-contenedores-soterrados\\\/#primaryimage\",\"url\":\"https:\\\/\\\/www.fabrezgroup.com\\\/home\\\/wp-content\\\/uploads\\\/2025\\\/09\\\/Benalmadena-Contenedores-Soterrados-Fabrez-001.webp\",\"contentUrl\":\"https:\\\/\\\/www.fabrezgroup.com\\\/home\\\/wp-content\\\/uploads\\\/2025\\\/09\\\/Benalmadena-Contenedores-Soterrados-Fabrez-001.webp\",\"width\":1920,\"height\":1144,\"caption\":\"Benalmadena Contenedores Soterrados Fabrez\"},{\"@type\":\"BreadcrumbList\",\"@id\":\"https:\\\/\\\/www.fabrezgroup.com\\\/home\\\/cleancity\\\/benalmadena-instala-400-contenedores-soterrados\\\/#breadcrumb\",\"itemListElement\":[{\"@type\":\"ListItem\",\"position\":1,\"name\":\"Portada\",\"item\":\"https:\\\/\\\/www.fabrezgroup.com\\\/home\\\/\"},{\"@type\":\"ListItem\",\"position\":2,\"name\":\"Benalm\u00e1dena instala 400 contenedores soterrados\"}]},{\"@type\":\"WebSite\",\"@id\":\"https:\\\/\\\/www.fabrezgroup.com\\\/home\\\/#website\",\"url\":\"https:\\\/\\\/www.fabrezgroup.com\\\/home\\\/\",\"name\":\"Fabrez Group\",\"description\":\"M\u00e1s de 30 a\u00f1os Aportando Soluciones\",\"publisher\":{\"@id\":\"https:\\\/\\\/www.fabrezgroup.com\\\/home\\\/#organization\"},\"alternateName\":\"Fabrez\",\"potentialAction\":[{\"@type\":\"SearchAction\",\"target\":{\"@type\":\"EntryPoint\",\"urlTemplate\":\"https:\\\/\\\/www.fabrezgroup.com\\\/home\\\/?s={search_term_string}\"},\"query-input\":{\"@type\":\"PropertyValueSpecification\",\"valueRequired\":true,\"valueName\":\"search_term_string\"}}],\"inLanguage\":\"es\"},{\"@type\":\"Organization\",\"@id\":\"https:\\\/\\\/www.fabrezgroup.com\\\/home\\\/#organization\",\"name\":\"Fabrez Group\",\"url\":\"https:\\\/\\\/www.fabrezgroup.com\\\/home\\\/\",\"logo\":{\"@type\":\"ImageObject\",\"inLanguage\":\"es\",\"@id\":\"https:\\\/\\\/www.fabrezgroup.com\\\/home\\\/#\\\/schema\\\/logo\\\/image\\\/\",\"url\":\"https:\\\/\\\/www.fabrezgroup.com\\\/home\\\/wp-content\\\/uploads\\\/2023\\\/12\\\/cropped-Icon-Fabrez-Group.png\",\"contentUrl\":\"https:\\\/\\\/www.fabrezgroup.com\\\/home\\\/wp-content\\\/uploads\\\/2023\\\/12\\\/cropped-Icon-Fabrez-Group.png\",\"width\":512,\"height\":512,\"caption\":\"Fabrez Group\"},\"image\":{\"@id\":\"https:\\\/\\\/www.fabrezgroup.com\\\/home\\\/#\\\/schema\\\/logo\\\/image\\\/\"},\"sameAs\":[\"https:\\\/\\\/www.facebook.com\\\/fabrez.group\\\/\",\"https:\\\/\\\/www.linkedin.com\\\/company\\\/fabrez-group\\\/\",\"https:\\\/\\\/www.instagram.com\\\/fabrez_group\\\/\",\"https:\\\/\\\/www.youtube.com\\\/@fabrezgroup\"]},{\"@type\":\"Person\",\"@id\":\"https:\\\/\\\/www.fabrezgroup.com\\\/home\\\/#\\\/schema\\\/person\\\/6ae0b358a557f626e4ad67c02add53bd\",\"name\":\"admin\",\"image\":{\"@type\":\"ImageObject\",\"inLanguage\":\"es\",\"@id\":\"https:\\\/\\\/secure.gravatar.com\\\/avatar\\\/b51cb1c270f8412d81d4d4e54b7410cf895e10146d879d6b093d7a91ee00a403?s=96&d=mm&r=g\",\"url\":\"https:\\\/\\\/secure.gravatar.com\\\/avatar\\\/b51cb1c270f8412d81d4d4e54b7410cf895e10146d879d6b093d7a91ee00a403?s=96&d=mm&r=g\",\"contentUrl\":\"https:\\\/\\\/secure.gravatar.com\\\/avatar\\\/b51cb1c270f8412d81d4d4e54b7410cf895e10146d879d6b093d7a91ee00a403?s=96&d=mm&r=g\",\"caption\":\"admin\"},\"sameAs\":[\"https:\\\/\\\/www.fabrezgroup.com\\\/home\"],\"url\":\"https:\\\/\\\/www.fabrezgroup.com\\\/home\\\/author\\\/admin\\\/\"}]}<\/script>\n<!-- \/ Yoast SEO Premium plugin. -->","yoast_head_json":{"title":"Benalm\u00e1dena instala 400 contenedores soterrados - Fabrez Group","description":"Benalm\u00e1dena renueva su gesti\u00f3n de residuos con 400 contenedores soterrados, mejorando sostenibilidad, accesibilidad y eficiencia urbana.","robots":{"index":"index","follow":"follow","max-snippet":"max-snippet:-1","max-image-preview":"max-image-preview:large","max-video-preview":"max-video-preview:-1"},"canonical":"https:\/\/www.fabrezgroup.com\/home\/cleancity\/benalmadena-instala-400-contenedores-soterrados\/","og_locale":"es_ES","og_type":"article","og_title":"Benalm\u00e1dena instala 400 contenedores soterrados","og_description":"Benalm\u00e1dena renueva su gesti\u00f3n de residuos con 400 contenedores soterrados, mejorando sostenibilidad, accesibilidad y eficiencia urbana.","og_url":"https:\/\/www.fabrezgroup.com\/home\/cleancity\/benalmadena-instala-400-contenedores-soterrados\/","og_site_name":"Fabrez Group","article_publisher":"https:\/\/www.facebook.com\/fabrez.group\/","article_published_time":"2025-09-30T06:00:53+00:00","article_modified_time":"2025-10-07T11:59:36+00:00","og_image":[{"width":1920,"height":1144,"url":"https:\/\/www.fabrezgroup.com\/home\/wp-content\/uploads\/2025\/09\/Benalmadena-Contenedores-Soterrados-Fabrez-001.webp","type":"image\/webp"}],"author":"admin","twitter_card":"summary_large_image","twitter_misc":{"Escrito por":"admin","Tiempo de lectura":"5 minutos"},"schema":{"@context":"https:\/\/schema.org","@graph":[{"@type":"Article","@id":"https:\/\/www.fabrezgroup.com\/home\/cleancity\/benalmadena-instala-400-contenedores-soterrados\/#article","isPartOf":{"@id":"https:\/\/www.fabrezgroup.com\/home\/cleancity\/benalmadena-instala-400-contenedores-soterrados\/"},"author":{"name":"admin","@id":"https:\/\/www.fabrezgroup.com\/home\/#\/schema\/person\/6ae0b358a557f626e4ad67c02add53bd"},"headline":"Benalm\u00e1dena instala 400 contenedores soterrados","datePublished":"2025-09-30T06:00:53+00:00","dateModified":"2025-10-07T11:59:36+00:00","mainEntityOfPage":{"@id":"https:\/\/www.fabrezgroup.com\/home\/cleancity\/benalmadena-instala-400-contenedores-soterrados\/"},"wordCount":481,"publisher":{"@id":"https:\/\/www.fabrezgroup.com\/home\/#organization"},"image":{"@id":"https:\/\/www.fabrezgroup.com\/home\/cleancity\/benalmadena-instala-400-contenedores-soterrados\/#primaryimage"},"thumbnailUrl":"https:\/\/www.fabrezgroup.com\/home\/wp-content\/uploads\/2025\/09\/Benalmadena-Contenedores-Soterrados-Fabrez-001.webp","keywords":["Ayuntamiento de Benalm\u00e1dena","Benalm\u00e1dena","Cleancity","Contenedores Soterrados","Fabrez","Fabrez Group"],"articleSection":["CLEANCITY","GRUPO FABREZ","SOTERRADOS"],"inLanguage":"es"},{"@type":"WebPage","@id":"https:\/\/www.fabrezgroup.com\/home\/cleancity\/benalmadena-instala-400-contenedores-soterrados\/","url":"https:\/\/www.fabrezgroup.com\/home\/cleancity\/benalmadena-instala-400-contenedores-soterrados\/","name":"Benalm\u00e1dena instala 400 contenedores soterrados - Fabrez Group","isPartOf":{"@id":"https:\/\/www.fabrezgroup.com\/home\/#website"},"primaryImageOfPage":{"@id":"https:\/\/www.fabrezgroup.com\/home\/cleancity\/benalmadena-instala-400-contenedores-soterrados\/#primaryimage"},"image":{"@id":"https:\/\/www.fabrezgroup.com\/home\/cleancity\/benalmadena-instala-400-contenedores-soterrados\/#primaryimage"},"thumbnailUrl":"https:\/\/www.fabrezgroup.com\/home\/wp-content\/uploads\/2025\/09\/Benalmadena-Contenedores-Soterrados-Fabrez-001.webp","datePublished":"2025-09-30T06:00:53+00:00","dateModified":"2025-10-07T11:59:36+00:00","description":"Benalm\u00e1dena renueva su gesti\u00f3n de residuos con 400 contenedores soterrados, mejorando sostenibilidad, accesibilidad y eficiencia urbana.","breadcrumb":{"@id":"https:\/\/www.fabrezgroup.com\/home\/cleancity\/benalmadena-instala-400-contenedores-soterrados\/#breadcrumb"},"inLanguage":"es","potentialAction":[{"@type":"ReadAction","target":["https:\/\/www.fabrezgroup.com\/home\/cleancity\/benalmadena-instala-400-contenedores-soterrados\/"]}]},{"@type":"ImageObject","inLanguage":"es","@id":"https:\/\/www.fabrezgroup.com\/home\/cleancity\/benalmadena-instala-400-contenedores-soterrados\/#primaryimage","url":"https:\/\/www.fabrezgroup.com\/home\/wp-content\/uploads\/2025\/09\/Benalmadena-Contenedores-Soterrados-Fabrez-001.webp","contentUrl":"https:\/\/www.fabrezgroup.com\/home\/wp-content\/uploads\/2025\/09\/Benalmadena-Contenedores-Soterrados-Fabrez-001.webp","width":1920,"height":1144,"caption":"Benalmadena Contenedores Soterrados Fabrez"},{"@type":"BreadcrumbList","@id":"https:\/\/www.fabrezgroup.com\/home\/cleancity\/benalmadena-instala-400-contenedores-soterrados\/#breadcrumb","itemListElement":[{"@type":"ListItem","position":1,"name":"Portada","item":"https:\/\/www.fabrezgroup.com\/home\/"},{"@type":"ListItem","position":2,"name":"Benalm\u00e1dena instala 400 contenedores soterrados"}]},{"@type":"WebSite","@id":"https:\/\/www.fabrezgroup.com\/home\/#website","url":"https:\/\/www.fabrezgroup.com\/home\/","name":"Fabrez Group","description":"M\u00e1s de 30 a\u00f1os Aportando Soluciones","publisher":{"@id":"https:\/\/www.fabrezgroup.com\/home\/#organization"},"alternateName":"Fabrez","potentialAction":[{"@type":"SearchAction","target":{"@type":"EntryPoint","urlTemplate":"https:\/\/www.fabrezgroup.com\/home\/?s={search_term_string}"},"query-input":{"@type":"PropertyValueSpecification","valueRequired":true,"valueName":"search_term_string"}}],"inLanguage":"es"},{"@type":"Organization","@id":"https:\/\/www.fabrezgroup.com\/home\/#organization","name":"Fabrez Group","url":"https:\/\/www.fabrezgroup.com\/home\/","logo":{"@type":"ImageObject","inLanguage":"es","@id":"https:\/\/www.fabrezgroup.com\/home\/#\/schema\/logo\/image\/","url":"https:\/\/www.fabrezgroup.com\/home\/wp-content\/uploads\/2023\/12\/cropped-Icon-Fabrez-Group.png","contentUrl":"https:\/\/www.fabrezgroup.com\/home\/wp-content\/uploads\/2023\/12\/cropped-Icon-Fabrez-Group.png","width":512,"height":512,"caption":"Fabrez Group"},"image":{"@id":"https:\/\/www.fabrezgroup.com\/home\/#\/schema\/logo\/image\/"},"sameAs":["https:\/\/www.facebook.com\/fabrez.group\/","https:\/\/www.linkedin.com\/company\/fabrez-group\/","https:\/\/www.instagram.com\/fabrez_group\/","https:\/\/www.youtube.com\/@fabrezgroup"]},{"@type":"Person","@id":"https:\/\/www.fabrezgroup.com\/home\/#\/schema\/person\/6ae0b358a557f626e4ad67c02add53bd","name":"admin","image":{"@type":"ImageObject","inLanguage":"es","@id":"https:\/\/secure.gravatar.com\/avatar\/b51cb1c270f8412d81d4d4e54b7410cf895e10146d879d6b093d7a91ee00a403?s=96&d=mm&r=g","url":"https:\/\/secure.gravatar.com\/avatar\/b51cb1c270f8412d81d4d4e54b7410cf895e10146d879d6b093d7a91ee00a403?s=96&d=mm&r=g","contentUrl":"https:\/\/secure.gravatar.com\/avatar\/b51cb1c270f8412d81d4d4e54b7410cf895e10146d879d6b093d7a91ee00a403?s=96&d=mm&r=g","caption":"admin"},"sameAs":["https:\/\/www.fabrezgroup.com\/home"],"url":"https:\/\/www.fabrezgroup.com\/home\/author\/admin\/"}]}},"jetpack_featured_media_url":"https:\/\/www.fabrezgroup.com\/home\/wp-content\/uploads\/2025\/09\/Benalmadena-Contenedores-Soterrados-Fabrez-001.webp","jetpack_sharing_enabled":true,"_links":{"self":[{"href":"https:\/\/www.fabrezgroup.com\/home\/wp-json\/wp\/v2\/posts\/16299","targetHints":{"allow":["GET"]}}],"collection":[{"href":"https:\/\/www.fabrezgroup.com\/home\/wp-json\/wp\/v2\/posts"}],"about":[{"href":"https:\/\/www.fabrezgroup.com\/home\/wp-json\/wp\/v2\/types\/post"}],"author":[{"embeddable":true,"href":"https:\/\/www.fabrezgroup.com\/home\/wp-json\/wp\/v2\/users\/1"}],"replies":[{"embeddable":true,"href":"https:\/\/www.fabrezgroup.com\/home\/wp-json\/wp\/v2\/comments?post=16299"}],"version-history":[{"count":21,"href":"https:\/\/www.fabrezgroup.com\/home\/wp-json\/wp\/v2\/posts\/16299\/revisions"}],"predecessor-version":[{"id":16323,"href":"https:\/\/www.fabrezgroup.com\/home\/wp-json\/wp\/v2\/posts\/16299\/revisions\/16323"}],"wp:featuredmedia":[{"embeddable":true,"href":"https:\/\/www.fabrezgroup.com\/home\/wp-json\/wp\/v2\/media\/16302"}],"wp:attachment":[{"href":"https:\/\/www.fabrezgroup.com\/home\/wp-json\/wp\/v2\/media?parent=16299"}],"wp:term":[{"taxonomy":"category","embeddable":true,"href":"https:\/\/www.fabrezgroup.com\/home\/wp-json\/wp\/v2\/categories?post=16299"},{"taxonomy":"post_tag","embeddable":true,"href":"https:\/\/www.fabrezgroup.com\/home\/wp-json\/wp\/v2\/tags?post=16299"}],"curies":[{"name":"wp","href":"https:\/\/api.w.org\/{rel}","templated":true}]}}